{"id":892,"date":"2026-09-01T10:44:34","date_gmt":"2026-09-01T10:44:34","guid":{"rendered":"https:\/\/www.mooreconnect.at\/?p=892"},"modified":"2026-09-01T10:44:36","modified_gmt":"2026-09-01T10:44:36","slug":"vwgh-zum-sachbezug-bei-nutzungsmoglichkeit-zweier-pkws","status":"publish","type":"post","link":"https:\/\/www.mooreconnect.at\/en\/vwgh-zum-sachbezug-bei-nutzungsmoglichkeit-zweier-pkws\/","title":{"rendered":"VwGH zum Sachbezug bei Nutzungsm\u00f6glichkeit zweier PKWs"},"content":{"rendered":"<p class=\"wp-block-paragraph\"><strong>Ausgangslage: Zwei Firmen-PKWs mit Wechselkennzeichen ohne Fahrtenbuch<\/strong><\/p>\n\n\n\n<p class=\"wp-block-paragraph\">Der VwGH (GZ Ra 2025\/13\/0045 vom 13.5.2026) hatte sich mit einem Fall auseinanderzusetzen, in dem einem Gesellschafter-Gesch\u00e4ftsf\u00fchrer zwei PKWs mittels Wechselkennzeichen zur Privatnutzung zur Verf\u00fcgung gestellt wurden. Strittig dabei war, in welcher H\u00f6he der steuerliche Sachbezug anzusetzen ist. Aufzeichnungen \u00fcber die Nutzung und Privatnutzung der Fahrzeuge (z.B. mittels Fahrtenbuches), woraus der geldwerte Vorteil der zur Verf\u00fcgung gestellten KFZ nach den von der Kapitalgesellschaft getragenen Aufwendungen h\u00e4tte ermittelt werden k\u00f6nnen, lagen nicht vor.<\/p>\n\n\n\n<p class=\"wp-block-paragraph\"><strong>Rechtliche Varianten: Fahrzeug-Pool, Aufteilung oder Mehrfach-Sachbezug<\/strong><\/p>\n\n\n\n<p class=\"wp-block-paragraph\">Wenngleich im wohl h\u00e4ufigsten Fall die Privatnutzung eines (1) arbeitgebereigenen PKW durch den Arbeitnehmer erfolgt, sehen die Lohnsteuerrichtlinien weitere m\u00f6gliche Konstellationen vor. Demnach ist, wenn (mehrere) Arbeitnehmer abwechselnd verschiedene arbeitgebereigene Fahrzeuge (z.B. im Rahmen eines \u201eFahrzeug-Pools\u201c) nutzen k\u00f6nnen, f\u00fcr den Sachbezug vom Durchschnittswert der Anschaffungskosten aller Fahrzeuge auszugehen (entsprechend der Sachbezugswerteverordnung ist der Sachbezug vom Durchschnittswert der Fahrzeuge und dem durchschnittlichen Prozentsatz f\u00fcr diese Fahrzeuge zu berechnen). Wird hingegen ein (einziges) arbeitgebereigenes KFZ mehreren Arbeitnehmern zur gemeinsamen Nutzung zur Verf\u00fcgung gestellt, ist der Sachbezugswert entsprechend dem Ausma\u00df der Teilnahme der einzelnen Arbeitnehmer aufzuteilen. Hat schlie\u00dflich ein Dienstnehmer den Vorteil aus der unentgeltlichen Nutzung mehrerer KFZ f\u00fcr Privatfahrten, so ist ein Sachbezugswert f\u00fcr jedes einzelne KFZ anzusetzen.<\/p>\n\n\n\n<p class=\"wp-block-paragraph\"><strong>Keine Umgehung durch Einbindung eines Billig-PKWs via Durchschnittswert<\/strong><\/p>\n\n\n\n<p class=\"wp-block-paragraph\">Das Finanzamt hatte in seiner Beurteilung den Ansatz eines Sachbezugs f\u00fcr jeden einzelnen PKW, den der Gesellschafter-Gesch\u00e4ftsf\u00fchrer privat nutzen konnte, reklamiert. Der VwGH setzte sich im Rahmen seiner Beurteilung vor allem mit jener Variante der Sachbezugsermittlung auseinander, die den Durchschnittswert vorsieht. Das BFG war dieser Ansicht gefolgt und ist dadurch zu einem f\u00fcr den Steuerpflichtigen vorteilhafteren Ergebnis als das Finanzamt gelangt. Der VwGH kam allerdings zum Schluss, dass diese Durchschnittsbetrachtung nicht dem Sinn der Bestimmung entsprechen k\u00f6nne, da dann bei (geplanter) Privatnutzung eines h\u00f6herpreisigen KFZ der Sachbezug dadurch gesenkt werden k\u00f6nne, indem diesem Arbeitnehmer zus\u00e4tzlich ein weiteres billigeres KFZ zur Privatnutzung \u00fcberlassen wird. Durch die Durchschnittsbetrachtung w\u00fcrde n\u00e4mlich der steuerliche Sachbezug bei der Nutzungsm\u00f6glichkeit mehrerer Fahrzeuge im Endeffekt geringer ausfallen.<\/p>\n\n\n\n<p class=\"wp-block-paragraph\"><strong>VwGH-Klarstellung: Voller Sachbezug f\u00fcr jedes exklusiv genutzte Fahrzeug<\/strong><\/p>\n\n\n\n<p class=\"wp-block-paragraph\">Der VwGH best\u00e4tigte die Meinung des Finanzamts. Wenn einem Dienstnehmer oder wie im vorliegenden Fall einem an einer Kapitalgesellschaft wesentlich Beteiligtem zwei PKW exklusiv zur Privatnutzung zur Verf\u00fcgung gestellt werden, ist f\u00fcr jedes dieser Fahrzeuge ein Sachbezug anzusetzen. Daran \u00e4ndert auch nichts, dass f\u00fcr diese Fahrzeuge ein Wechselkennzeichen verwendet wird.<\/p>\n\n\n\n<p class=\"wp-block-paragraph\">Bild: Illustrative Darstellung (KI-generiert)<\/p>\n\n\n\n<p class=\"wp-block-paragraph\">Die ver\u00f6ffentlichten Beitr\u00e4ge sind urheberrechtlich gesch\u00fctzt und ohne Gew\u00e4hr.<br>\u00a9 MOORE connect Steuerberatung Wirtschaftsmediation GmbH | Klienten-Info<\/p>\n\n\n\n<p class=\"wp-block-paragraph\"><\/p>","protected":false},"excerpt":{"rendered":"<p>Ausgangslage: Zwei Firmen-PKWs mit Wechselkennzeichen ohne Fahrtenbuch Der VwGH (GZ Ra 2025\/13\/0045 vom 13.5.2026) hatte sich mit einem Fall auseinanderzusetzen, in dem einem Gesellschafter-Gesch\u00e4ftsf\u00fchrer zwei PKWs mittels Wechselkennzeichen zur Privatnutzung zur Verf\u00fcgung gestellt wurden. Strittig dabei war, in welcher H\u00f6he der steuerliche Sachbezug anzusetzen ist. Aufzeichnungen \u00fcber die Nutzung und Privatnutzung der Fahrzeuge (z.B. mittels [&hellip;]<\/p>\n","protected":false},"author":37,"featured_media":893,"comment_status":"closed","ping_status":"open","sticky":false,"template":"","format":"standard","meta":{"_acf_changed":false,"footnotes":""},"categories":[1],"tags":[],"location":[],"class_list":["post-892","post","type-post","status-publish","format-standard","has-post-thumbnail","hentry","category-uncategorized"],"acf":[],"yoast_head":"<!-- This site is optimized with the Yoast SEO plugin v28.3 - https:\/\/yoast.com\/product\/yoast-seo-wordpress\/ -->\n<title>VwGH zum Sachbezug bei Nutzungsm\u00f6glichkeit zweier PKWs - MOORE connect<\/title>\n<meta name=\"robots\" content=\"index, follow, max-snippet:-1, max-image-preview:large, max-video-preview:-1\" \/>\n<link rel=\"canonical\" href=\"https:\/\/www.mooreconnect.at\/en\/vwgh-zum-sachbezug-bei-nutzungsmoglichkeit-zweier-pkws\/\" \/>\n<meta property=\"og:locale\" content=\"en_GB\" \/>\n<meta property=\"og:type\" content=\"article\" \/>\n<meta property=\"og:title\" content=\"VwGH zum Sachbezug bei Nutzungsm\u00f6glichkeit zweier PKWs - MOORE connect\" \/>\n<meta property=\"og:description\" content=\"Ausgangslage: Zwei Firmen-PKWs mit Wechselkennzeichen ohne Fahrtenbuch Der VwGH (GZ Ra 2025\/13\/0045 vom 13.5.2026) hatte sich mit einem Fall auseinanderzusetzen, in dem einem Gesellschafter-Gesch\u00e4ftsf\u00fchrer zwei PKWs mittels Wechselkennzeichen zur Privatnutzung zur Verf\u00fcgung gestellt wurden. Strittig dabei war, in welcher H\u00f6he der steuerliche Sachbezug anzusetzen ist. Aufzeichnungen \u00fcber die Nutzung und Privatnutzung der Fahrzeuge (z.B. mittels [&hellip;]\" \/>\n<meta property=\"og:url\" content=\"https:\/\/www.mooreconnect.at\/en\/vwgh-zum-sachbezug-bei-nutzungsmoglichkeit-zweier-pkws\/\" \/>\n<meta property=\"og:site_name\" content=\"MOORE connect\" \/>\n<meta property=\"article:published_time\" content=\"2026-09-01T10:44:34+00:00\" \/>\n<meta property=\"article:modified_time\" content=\"2026-09-01T10:44:36+00:00\" \/>\n<meta property=\"og:image\" content=\"https:\/\/www.mooreconnect.at\/wp-content\/uploads\/sites\/23\/2026\/09\/ki_2609_kfz-sachbezug.jpg\" \/>\n\t<meta property=\"og:image:width\" content=\"800\" \/>\n\t<meta property=\"og:image:height\" content=\"533\" \/>\n\t<meta property=\"og:image:type\" content=\"image\/jpeg\" \/>\n<meta name=\"author\" content=\"henrietta\" \/>\n<meta name=\"twitter:card\" content=\"summary_large_image\" \/>\n<meta name=\"twitter:label1\" content=\"Written by\" \/>\n\t<meta name=\"twitter:data1\" content=\"henrietta\" \/>\n\t<meta name=\"twitter:label2\" content=\"Est. reading time\" \/>\n\t<meta name=\"twitter:data2\" content=\"3 minutes\" \/>\n<script type=\"application\/ld+json\" class=\"yoast-schema-graph\">{\"@context\":\"https:\\\/\\\/schema.org\",\"@graph\":[{\"@type\":\"Article\",\"@id\":\"https:\\\/\\\/www.mooreconnect.at\\\/vwgh-zum-sachbezug-bei-nutzungsmoglichkeit-zweier-pkws\\\/#article\",\"isPartOf\":{\"@id\":\"https:\\\/\\\/www.mooreconnect.at\\\/vwgh-zum-sachbezug-bei-nutzungsmoglichkeit-zweier-pkws\\\/\"},\"author\":{\"name\":\"henrietta\",\"@id\":\"https:\\\/\\\/www.mooreconnect.at\\\/#\\\/schema\\\/person\\\/1dc358f4c2140547a90532733caae20c\"},\"headline\":\"VwGH zum Sachbezug bei Nutzungsm\u00f6glichkeit zweier PKWs\",\"datePublished\":\"2026-09-01T10:44:34+00:00\",\"dateModified\":\"2026-09-01T10:44:36+00:00\",\"mainEntityOfPage\":{\"@id\":\"https:\\\/\\\/www.mooreconnect.at\\\/vwgh-zum-sachbezug-bei-nutzungsmoglichkeit-zweier-pkws\\\/\"},\"wordCount\":449,\"image\":{\"@id\":\"https:\\\/\\\/www.mooreconnect.at\\\/vwgh-zum-sachbezug-bei-nutzungsmoglichkeit-zweier-pkws\\\/#primaryimage\"},\"thumbnailUrl\":\"https:\\\/\\\/www.mooreconnect.at\\\/wp-content\\\/uploads\\\/sites\\\/23\\\/2026\\\/09\\\/ki_2609_kfz-sachbezug.jpg\",\"articleSection\":[\"Uncategorized\"],\"inLanguage\":\"en-GB\"},{\"@type\":\"WebPage\",\"@id\":\"https:\\\/\\\/www.mooreconnect.at\\\/vwgh-zum-sachbezug-bei-nutzungsmoglichkeit-zweier-pkws\\\/\",\"url\":\"https:\\\/\\\/www.mooreconnect.at\\\/vwgh-zum-sachbezug-bei-nutzungsmoglichkeit-zweier-pkws\\\/\",\"name\":\"VwGH zum Sachbezug bei Nutzungsm\u00f6glichkeit zweier PKWs - MOORE connect\",\"isPartOf\":{\"@id\":\"https:\\\/\\\/www.mooreconnect.at\\\/#website\"},\"primaryImageOfPage\":{\"@id\":\"https:\\\/\\\/www.mooreconnect.at\\\/vwgh-zum-sachbezug-bei-nutzungsmoglichkeit-zweier-pkws\\\/#primaryimage\"},\"image\":{\"@id\":\"https:\\\/\\\/www.mooreconnect.at\\\/vwgh-zum-sachbezug-bei-nutzungsmoglichkeit-zweier-pkws\\\/#primaryimage\"},\"thumbnailUrl\":\"https:\\\/\\\/www.mooreconnect.at\\\/wp-content\\\/uploads\\\/sites\\\/23\\\/2026\\\/09\\\/ki_2609_kfz-sachbezug.jpg\",\"datePublished\":\"2026-09-01T10:44:34+00:00\",\"dateModified\":\"2026-09-01T10:44:36+00:00\",\"author\":{\"@id\":\"https:\\\/\\\/www.mooreconnect.at\\\/#\\\/schema\\\/person\\\/1dc358f4c2140547a90532733caae20c\"},\"breadcrumb\":{\"@id\":\"https:\\\/\\\/www.mooreconnect.at\\\/vwgh-zum-sachbezug-bei-nutzungsmoglichkeit-zweier-pkws\\\/#breadcrumb\"},\"inLanguage\":\"en-GB\",\"potentialAction\":[{\"@type\":\"ReadAction\",\"target\":[\"https:\\\/\\\/www.mooreconnect.at\\\/vwgh-zum-sachbezug-bei-nutzungsmoglichkeit-zweier-pkws\\\/\"]}]},{\"@type\":\"ImageObject\",\"inLanguage\":\"en-GB\",\"@id\":\"https:\\\/\\\/www.mooreconnect.at\\\/vwgh-zum-sachbezug-bei-nutzungsmoglichkeit-zweier-pkws\\\/#primaryimage\",\"url\":\"https:\\\/\\\/www.mooreconnect.at\\\/wp-content\\\/uploads\\\/sites\\\/23\\\/2026\\\/09\\\/ki_2609_kfz-sachbezug.jpg\",\"contentUrl\":\"https:\\\/\\\/www.mooreconnect.at\\\/wp-content\\\/uploads\\\/sites\\\/23\\\/2026\\\/09\\\/ki_2609_kfz-sachbezug.jpg\",\"width\":800,\"height\":533},{\"@type\":\"BreadcrumbList\",\"@id\":\"https:\\\/\\\/www.mooreconnect.at\\\/vwgh-zum-sachbezug-bei-nutzungsmoglichkeit-zweier-pkws\\\/#breadcrumb\",\"itemListElement\":[{\"@type\":\"ListItem\",\"position\":1,\"name\":\"Home\",\"item\":\"https:\\\/\\\/www.mooreconnect.at\\\/\"},{\"@type\":\"ListItem\",\"position\":2,\"name\":\"VwGH zum Sachbezug bei Nutzungsm\u00f6glichkeit zweier PKWs\"}]},{\"@type\":\"WebSite\",\"@id\":\"https:\\\/\\\/www.mooreconnect.at\\\/#website\",\"url\":\"https:\\\/\\\/www.mooreconnect.at\\\/\",\"name\":\"MOORE connect\",\"description\":\"Wir verbinden Menschen \u2013 Ideen \u2013 Werte. Wir begleiten Sie in Ihrer nachhaltigen unternehmerischen Entwicklung. Grundlage daf\u00fcr sind gelingende Beziehungen.\",\"potentialAction\":[{\"@type\":\"SearchAction\",\"target\":{\"@type\":\"EntryPoint\",\"urlTemplate\":\"https:\\\/\\\/www.mooreconnect.at\\\/?s={search_term_string}\"},\"query-input\":{\"@type\":\"PropertyValueSpecification\",\"valueRequired\":true,\"valueName\":\"search_term_string\"}}],\"inLanguage\":\"en-GB\"},{\"@type\":\"Person\",\"@id\":\"https:\\\/\\\/www.mooreconnect.at\\\/#\\\/schema\\\/person\\\/1dc358f4c2140547a90532733caae20c\",\"name\":\"henrietta\",\"image\":{\"@type\":\"ImageObject\",\"inLanguage\":\"en-GB\",\"@id\":\"https:\\\/\\\/secure.gravatar.com\\\/avatar\\\/f25511a91dc171b0875ed98f5403fe8fe266bf297a3215a2fabcaa5a5390884f?s=96&d=mm&r=g\",\"url\":\"https:\\\/\\\/secure.gravatar.com\\\/avatar\\\/f25511a91dc171b0875ed98f5403fe8fe266bf297a3215a2fabcaa5a5390884f?s=96&d=mm&r=g\",\"contentUrl\":\"https:\\\/\\\/secure.gravatar.com\\\/avatar\\\/f25511a91dc171b0875ed98f5403fe8fe266bf297a3215a2fabcaa5a5390884f?s=96&d=mm&r=g\",\"caption\":\"henrietta\"},\"url\":\"https:\\\/\\\/www.mooreconnect.at\\\/en\\\/author\\\/henrietta\\\/\"}]}<\/script>\n<!-- \/ Yoast SEO plugin. -->","yoast_head_json":{"title":"VwGH zum Sachbezug bei Nutzungsm\u00f6glichkeit zweier PKWs - MOORE connect","robots":{"index":"index","follow":"follow","max-snippet":"max-snippet:-1","max-image-preview":"max-image-preview:large","max-video-preview":"max-video-preview:-1"},"canonical":"https:\/\/www.mooreconnect.at\/en\/vwgh-zum-sachbezug-bei-nutzungsmoglichkeit-zweier-pkws\/","og_locale":"en_GB","og_type":"article","og_title":"VwGH zum Sachbezug bei Nutzungsm\u00f6glichkeit zweier PKWs - MOORE connect","og_description":"Ausgangslage: Zwei Firmen-PKWs mit Wechselkennzeichen ohne Fahrtenbuch Der VwGH (GZ Ra 2025\/13\/0045 vom 13.5.2026) hatte sich mit einem Fall auseinanderzusetzen, in dem einem Gesellschafter-Gesch\u00e4ftsf\u00fchrer zwei PKWs mittels Wechselkennzeichen zur Privatnutzung zur Verf\u00fcgung gestellt wurden. Strittig dabei war, in welcher H\u00f6he der steuerliche Sachbezug anzusetzen ist. Aufzeichnungen \u00fcber die Nutzung und Privatnutzung der Fahrzeuge (z.B. mittels [&hellip;]","og_url":"https:\/\/www.mooreconnect.at\/en\/vwgh-zum-sachbezug-bei-nutzungsmoglichkeit-zweier-pkws\/","og_site_name":"MOORE connect","article_published_time":"2026-09-01T10:44:34+00:00","article_modified_time":"2026-09-01T10:44:36+00:00","og_image":[{"width":800,"height":533,"url":"https:\/\/www.mooreconnect.at\/wp-content\/uploads\/sites\/23\/2026\/09\/ki_2609_kfz-sachbezug.jpg","type":"image\/jpeg"}],"author":"henrietta","twitter_card":"summary_large_image","twitter_misc":{"Written by":"henrietta","Est. reading time":"3 minutes"},"schema":{"@context":"https:\/\/schema.org","@graph":[{"@type":"Article","@id":"https:\/\/www.mooreconnect.at\/vwgh-zum-sachbezug-bei-nutzungsmoglichkeit-zweier-pkws\/#article","isPartOf":{"@id":"https:\/\/www.mooreconnect.at\/vwgh-zum-sachbezug-bei-nutzungsmoglichkeit-zweier-pkws\/"},"author":{"name":"henrietta","@id":"https:\/\/www.mooreconnect.at\/#\/schema\/person\/1dc358f4c2140547a90532733caae20c"},"headline":"VwGH zum Sachbezug bei Nutzungsm\u00f6glichkeit zweier PKWs","datePublished":"2026-09-01T10:44:34+00:00","dateModified":"2026-09-01T10:44:36+00:00","mainEntityOfPage":{"@id":"https:\/\/www.mooreconnect.at\/vwgh-zum-sachbezug-bei-nutzungsmoglichkeit-zweier-pkws\/"},"wordCount":449,"image":{"@id":"https:\/\/www.mooreconnect.at\/vwgh-zum-sachbezug-bei-nutzungsmoglichkeit-zweier-pkws\/#primaryimage"},"thumbnailUrl":"https:\/\/www.mooreconnect.at\/wp-content\/uploads\/sites\/23\/2026\/09\/ki_2609_kfz-sachbezug.jpg","articleSection":["Uncategorized"],"inLanguage":"en-GB"},{"@type":"WebPage","@id":"https:\/\/www.mooreconnect.at\/vwgh-zum-sachbezug-bei-nutzungsmoglichkeit-zweier-pkws\/","url":"https:\/\/www.mooreconnect.at\/vwgh-zum-sachbezug-bei-nutzungsmoglichkeit-zweier-pkws\/","name":"VwGH zum Sachbezug bei Nutzungsm\u00f6glichkeit zweier PKWs - MOORE connect","isPartOf":{"@id":"https:\/\/www.mooreconnect.at\/#website"},"primaryImageOfPage":{"@id":"https:\/\/www.mooreconnect.at\/vwgh-zum-sachbezug-bei-nutzungsmoglichkeit-zweier-pkws\/#primaryimage"},"image":{"@id":"https:\/\/www.mooreconnect.at\/vwgh-zum-sachbezug-bei-nutzungsmoglichkeit-zweier-pkws\/#primaryimage"},"thumbnailUrl":"https:\/\/www.mooreconnect.at\/wp-content\/uploads\/sites\/23\/2026\/09\/ki_2609_kfz-sachbezug.jpg","datePublished":"2026-09-01T10:44:34+00:00","dateModified":"2026-09-01T10:44:36+00:00","author":{"@id":"https:\/\/www.mooreconnect.at\/#\/schema\/person\/1dc358f4c2140547a90532733caae20c"},"breadcrumb":{"@id":"https:\/\/www.mooreconnect.at\/vwgh-zum-sachbezug-bei-nutzungsmoglichkeit-zweier-pkws\/#breadcrumb"},"inLanguage":"en-GB","potentialAction":[{"@type":"ReadAction","target":["https:\/\/www.mooreconnect.at\/vwgh-zum-sachbezug-bei-nutzungsmoglichkeit-zweier-pkws\/"]}]},{"@type":"ImageObject","inLanguage":"en-GB","@id":"https:\/\/www.mooreconnect.at\/vwgh-zum-sachbezug-bei-nutzungsmoglichkeit-zweier-pkws\/#primaryimage","url":"https:\/\/www.mooreconnect.at\/wp-content\/uploads\/sites\/23\/2026\/09\/ki_2609_kfz-sachbezug.jpg","contentUrl":"https:\/\/www.mooreconnect.at\/wp-content\/uploads\/sites\/23\/2026\/09\/ki_2609_kfz-sachbezug.jpg","width":800,"height":533},{"@type":"BreadcrumbList","@id":"https:\/\/www.mooreconnect.at\/vwgh-zum-sachbezug-bei-nutzungsmoglichkeit-zweier-pkws\/#breadcrumb","itemListElement":[{"@type":"ListItem","position":1,"name":"Home","item":"https:\/\/www.mooreconnect.at\/"},{"@type":"ListItem","position":2,"name":"VwGH zum Sachbezug bei Nutzungsm\u00f6glichkeit zweier PKWs"}]},{"@type":"WebSite","@id":"https:\/\/www.mooreconnect.at\/#website","url":"https:\/\/www.mooreconnect.at\/","name":"MOORE connect","description":"Wir verbinden Menschen \u2013 Ideen \u2013 Werte. Wir begleiten Sie in Ihrer nachhaltigen unternehmerischen Entwicklung. Grundlage daf\u00fcr sind gelingende Beziehungen.","potentialAction":[{"@type":"SearchAction","target":{"@type":"EntryPoint","urlTemplate":"https:\/\/www.mooreconnect.at\/?s={search_term_string}"},"query-input":{"@type":"PropertyValueSpecification","valueRequired":true,"valueName":"search_term_string"}}],"inLanguage":"en-GB"},{"@type":"Person","@id":"https:\/\/www.mooreconnect.at\/#\/schema\/person\/1dc358f4c2140547a90532733caae20c","name":"henrietta","image":{"@type":"ImageObject","inLanguage":"en-GB","@id":"https:\/\/secure.gravatar.com\/avatar\/f25511a91dc171b0875ed98f5403fe8fe266bf297a3215a2fabcaa5a5390884f?s=96&d=mm&r=g","url":"https:\/\/secure.gravatar.com\/avatar\/f25511a91dc171b0875ed98f5403fe8fe266bf297a3215a2fabcaa5a5390884f?s=96&d=mm&r=g","contentUrl":"https:\/\/secure.gravatar.com\/avatar\/f25511a91dc171b0875ed98f5403fe8fe266bf297a3215a2fabcaa5a5390884f?s=96&d=mm&r=g","caption":"henrietta"},"url":"https:\/\/www.mooreconnect.at\/en\/author\/henrietta\/"}]}},"_links":{"self":[{"href":"https:\/\/www.mooreconnect.at\/en\/wp-json\/wp\/v2\/posts\/892","targetHints":{"allow":["GET"]}}],"collection":[{"href":"https:\/\/www.mooreconnect.at\/en\/wp-json\/wp\/v2\/posts"}],"about":[{"href":"https:\/\/www.mooreconnect.at\/en\/wp-json\/wp\/v2\/types\/post"}],"author":[{"embeddable":true,"href":"https:\/\/www.mooreconnect.at\/en\/wp-json\/wp\/v2\/users\/37"}],"replies":[{"embeddable":true,"href":"https:\/\/www.mooreconnect.at\/en\/wp-json\/wp\/v2\/comments?post=892"}],"version-history":[{"count":1,"href":"https:\/\/www.mooreconnect.at\/en\/wp-json\/wp\/v2\/posts\/892\/revisions"}],"predecessor-version":[{"id":894,"href":"https:\/\/www.mooreconnect.at\/en\/wp-json\/wp\/v2\/posts\/892\/revisions\/894"}],"wp:featuredmedia":[{"embeddable":true,"href":"https:\/\/www.mooreconnect.at\/en\/wp-json\/wp\/v2\/media\/893"}],"wp:attachment":[{"href":"https:\/\/www.mooreconnect.at\/en\/wp-json\/wp\/v2\/media?parent=892"}],"wp:term":[{"taxonomy":"category","embeddable":true,"href":"https:\/\/www.mooreconnect.at\/en\/wp-json\/wp\/v2\/categories?post=892"},{"taxonomy":"post_tag","embeddable":true,"href":"https:\/\/www.mooreconnect.at\/en\/wp-json\/wp\/v2\/tags?post=892"},{"taxonomy":"location","embeddable":true,"href":"https:\/\/www.mooreconnect.at\/en\/wp-json\/wp\/v2\/location?post=892"}],"curies":[{"name":"wp","href":"https:\/\/api.w.org\/{rel}","templated":true}]}}