{"id":889,"date":"2026-09-01T10:42:10","date_gmt":"2026-09-01T10:42:10","guid":{"rendered":"https:\/\/www.mooreconnect.at\/?p=889"},"modified":"2026-09-01T10:42:11","modified_gmt":"2026-09-01T10:42:11","slug":"bmf-info-entscharft-grunderwerbsteuer-durch-eugh-rechtsprechung","status":"publish","type":"post","link":"https:\/\/www.mooreconnect.at\/en\/bmf-info-entscharft-grunderwerbsteuer-durch-eugh-rechtsprechung\/","title":{"rendered":"BMF-Info entsch\u00e4rft Grunderwerbsteuer durch EuGH-Rechtsprechung"},"content":{"rendered":"<p class=\"wp-block-paragraph\"><strong>Auswirkungen des EuGH-Urteils \u201eNova Iberomoldes\u201c auf \u00d6sterreich<\/strong><\/p>\n\n\n\n<p class=\"wp-block-paragraph\">Der EuGH hatte in seinem Urteil zur Rechtssache \u201eNova Iberomoldes\u201c (C-837\/24) Anfang Juni 2026 entschieden, dass die Erhebung der portugiesischen Grunderwerbsteuer bei bestimmten Anteils\u00fcbertragungen an grundst\u00fccksbesitzenden Gesellschaften mit der Kapitalansammlungsrichtlinie (RL 2008\/7\/EG) nicht vereinbar ist und die Besteuerung somit unionsrechtswidrig ist. Das BMF hat auf diese EuGH-Entscheidung, die aufgrund \u00e4hnlicher Rechtslage bei der \u00f6sterreichischen Grunderwerbsteuer bedeutsame Auswirkungen hat, reagiert und Ende Juli eine Information ver\u00f6ffentlicht.<\/p>\n\n\n\n<p class=\"wp-block-paragraph\"><strong>Ziel der Kapitalansammlungsrichtlinie und beg\u00fcnstigte Umstrukturierungen<\/strong><\/p>\n\n\n\n<p class=\"wp-block-paragraph\">Die Kapitalansammlungsrichtlinie hat zum Ziel, Kapitalzuf\u00fchrungen und Umstrukturierungen innerhalb der EU weitgehend von indirekten Steuern freizustellen (wie z.B. von der Grunderwerbsteuer) und damit die Kapitalverkehrsfreiheit zu gew\u00e4hrleisten. In \u00d6sterreich gelten entsprechend der BMF-Info als Kapitalgesellschaften i.S.d. Kapitalansammlungsrichtlinie jedenfalls die AG, GmbH und die SE. Bestimmte Erwerbsvorg\u00e4nge nach \u00a7 1 Abs. 3 GrEStG gelten als beg\u00fcnstigte Umstrukturierungen i.S.d. Kapitalansammlungsrichtlinie \u2013 insbesondere dann, wenn im Rahmen einer Einbringung, Spaltung, Verschmelzung oder vergleichbaren Strukturma\u00dfnahme Anteile an einer grundst\u00fccksbesitzenden Gesellschaft auf eine andere Kapitalgesellschaft \u00fcbertragen werden und als Gegenleistung Gesellschaftsrechte an der \u00fcbernehmenden Gesellschaft gew\u00e4hrt werden.<\/p>\n\n\n\n<p class=\"wp-block-paragraph\"><strong>Beg\u00fcnstigte Vorg\u00e4nge laut BMF-Information<\/strong><\/p>\n\n\n\n<p class=\"wp-block-paragraph\">Konkret umfasst sind laut BMF-Info davon:<\/p>\n\n\n\n<ul class=\"wp-block-list\">\n<li>schlichte Einlage eines Kapitalanteils an einer grundst\u00fccksbesitzenden Gesellschaft au\u00dferhalb des UmgrStG;<\/li>\n\n\n\n<li>(Downstream- und Sidestream-)Einbringung eines Kapitalanteils an einer grundst\u00fccksbesitzenden Gesellschaft oder eines (Teil-)Betriebes mit einem Kapitalanteil an einer grundst\u00fccksbesitzenden Gesellschaft;<\/li>\n\n\n\n<li>(Downstream- und Sidestream-)Spaltung eines Kapitalanteils an einer grundst\u00fccksbesitzenden Gesellschaft oder eines (Teil-)Betriebes mit einem Kapitalanteil an einer grundst\u00fccksbesitzenden Gesellschaft;<\/li>\n\n\n\n<li>(Sidestream-)Verschmelzung, bei der sich im Verm\u00f6gen der \u00fcbertragenden Gesellschaft ein Kapitalanteil an einer grundst\u00fccksbesitzenden Gesellschaft befindet;<\/li>\n\n\n\n<li>Entsprechende \u201ediagonale\u201c Vorg\u00e4nge (z.B. Einbringung\/Spaltung eines Kapitalanteils an einer grundst\u00fccksbesitzenden Gesellschaft in einem Konzern zwischen unterschiedlichen Beteiligungsstr\u00e4ngen auf unterschiedlicher Ebene wie auf Tanten\/Nichten-Gesellschaften).<\/li>\n<\/ul>\n\n\n\n<p class=\"wp-block-paragraph\"><strong>Erreichung der Stimmrechtsmehrheit und Unbeachtlichkeit der Anteilsgew\u00e4hrung<\/strong><\/p>\n\n\n\n<p class=\"wp-block-paragraph\">Das BMF geht davon aus, dass im Regelfall bei Verwirklichung des Anteilsvereinigungstatbestands die Mehrheit der Stimmrechte \u00fcbertragen bzw. erreicht werden wird, sodass diese F\u00e4lle unter die Kapitalansammlungsrichtlinie fallen. Dabei macht es keinen Unterschied, ob neue Anteile gew\u00e4hrt werden, die Abfindung mit bereits bestehenden Anteilen der bisherigen Gesellschafter erfolgt oder ob das Umgr\u00fcndungssteuergesetz zur Anwendung kommt (oder nicht).<\/p>\n\n\n\n<p class=\"wp-block-paragraph\"><strong>Unmittelbare Anwendung des EU-Rechts und Entfall der Steuerpflicht<\/strong><\/p>\n\n\n\n<p class=\"wp-block-paragraph\">Die BMF-Info betont, dass das vorliegende EuGH-Urteil bzw. die Kapitalansammlungsrichtlinie aufgrund des Anwendungsvorrangs europ\u00e4ischen Rechts unmittelbar anzuwenden sind. Liegen die oben dargestellten Sachverhalte vor (nach der Rechtsprechung des EuGH sind dies Umstrukturierungen i.S.d. Kapitalansammlungsrichtlinie), haben die Finanz\u00e4mter davon auszugehen, dass keine GrESt-Pflicht in \u00d6sterreich besteht. Folglich kann bei eindeutiger Erf\u00fcllung der obigen Voraussetzungen eine Selbstberechnung der GrESt oder Abgabenerkl\u00e4rung unterbleiben.<\/p>\n\n\n\n<p class=\"wp-block-paragraph\"><strong>Offene Rechtsfragen und Korrekturm\u00f6glichkeit nach \u00a7 299 BAO<\/strong><\/p>\n\n\n\n<p class=\"wp-block-paragraph\">Laut BMF-Info ist jedoch bei anderen Vorg\u00e4ngen oder anderen Gesellschaftsformen die Rechtslage noch nicht ausreichend gekl\u00e4rt, weshalb weiterhin GrESt abzuf\u00fchren ist. \u00dcberdies sind die M\u00f6glichkeiten zur Verfahrens\u00f6ffnung zu beachten (hierbei ist die Jahresfrist des \u00a7 299 BAO zu ber\u00fccksichtigen), wodurch sogar in einigen bereits vor dem EuGH-Urteil ergangenen F\u00e4llen unter Umst\u00e4nden die schon entrichtete Grunderwerbsteuer zur\u00fcckgeholt werden kann.<\/p>\n\n\n\n<p class=\"wp-block-paragraph\">Bild: Illustrative Darstellung (KI-generiert)<\/p>\n\n\n\n<p class=\"wp-block-paragraph\">Die ver\u00f6ffentlichten Beitr\u00e4ge sind urheberrechtlich gesch\u00fctzt und ohne Gew\u00e4hr.<br>\u00a9 MOORE connect Steuerberatung Wirtschaftsmediation GmbH | Klienten-Info<\/p>","protected":false},"excerpt":{"rendered":"<p>Auswirkungen des EuGH-Urteils \u201eNova Iberomoldes\u201c auf \u00d6sterreich Der EuGH hatte in seinem Urteil zur Rechtssache \u201eNova Iberomoldes\u201c (C-837\/24) Anfang Juni 2026 entschieden, dass die Erhebung der portugiesischen Grunderwerbsteuer bei bestimmten Anteils\u00fcbertragungen an grundst\u00fccksbesitzenden Gesellschaften mit der Kapitalansammlungsrichtlinie (RL 2008\/7\/EG) nicht vereinbar ist und die Besteuerung somit unionsrechtswidrig ist. Das BMF hat auf diese EuGH-Entscheidung, die [&hellip;]<\/p>\n","protected":false},"author":37,"featured_media":890,"comment_status":"closed","ping_status":"open","sticky":false,"template":"","format":"standard","meta":{"_acf_changed":false,"footnotes":""},"categories":[1],"tags":[],"location":[],"class_list":["post-889","post","type-post","status-publish","format-standard","has-post-thumbnail","hentry","category-uncategorized"],"acf":[],"yoast_head":"<!-- This site is optimized with the Yoast SEO plugin v28.3 - https:\/\/yoast.com\/product\/yoast-seo-wordpress\/ -->\n<title>BMF-Info entsch\u00e4rft Grunderwerbsteuer durch EuGH-Rechtsprechung - MOORE connect<\/title>\n<meta name=\"robots\" content=\"index, follow, max-snippet:-1, max-image-preview:large, max-video-preview:-1\" \/>\n<link rel=\"canonical\" href=\"https:\/\/www.mooreconnect.at\/en\/bmf-info-entscharft-grunderwerbsteuer-durch-eugh-rechtsprechung\/\" \/>\n<meta property=\"og:locale\" content=\"en_GB\" \/>\n<meta property=\"og:type\" content=\"article\" \/>\n<meta property=\"og:title\" content=\"BMF-Info entsch\u00e4rft Grunderwerbsteuer durch EuGH-Rechtsprechung - MOORE connect\" \/>\n<meta property=\"og:description\" content=\"Auswirkungen des EuGH-Urteils \u201eNova Iberomoldes\u201c auf \u00d6sterreich Der EuGH hatte in seinem Urteil zur Rechtssache \u201eNova Iberomoldes\u201c (C-837\/24) Anfang Juni 2026 entschieden, dass die Erhebung der portugiesischen Grunderwerbsteuer bei bestimmten Anteils\u00fcbertragungen an grundst\u00fccksbesitzenden Gesellschaften mit der Kapitalansammlungsrichtlinie (RL 2008\/7\/EG) nicht vereinbar ist und die Besteuerung somit unionsrechtswidrig ist. Das BMF hat auf diese EuGH-Entscheidung, die [&hellip;]\" \/>\n<meta property=\"og:url\" content=\"https:\/\/www.mooreconnect.at\/en\/bmf-info-entscharft-grunderwerbsteuer-durch-eugh-rechtsprechung\/\" \/>\n<meta property=\"og:site_name\" content=\"MOORE connect\" \/>\n<meta property=\"article:published_time\" content=\"2026-09-01T10:42:10+00:00\" \/>\n<meta property=\"article:modified_time\" content=\"2026-09-01T10:42:11+00:00\" \/>\n<meta property=\"og:image\" content=\"https:\/\/www.mooreconnect.at\/wp-content\/uploads\/sites\/23\/2026\/09\/ki_2609_grunderwerbsteuer.jpg\" \/>\n\t<meta property=\"og:image:width\" content=\"800\" \/>\n\t<meta property=\"og:image:height\" content=\"533\" \/>\n\t<meta property=\"og:image:type\" content=\"image\/jpeg\" \/>\n<meta name=\"author\" content=\"henrietta\" \/>\n<meta name=\"twitter:card\" content=\"summary_large_image\" \/>\n<meta name=\"twitter:label1\" content=\"Written by\" \/>\n\t<meta name=\"twitter:data1\" content=\"henrietta\" \/>\n\t<meta name=\"twitter:label2\" content=\"Est. reading time\" \/>\n\t<meta name=\"twitter:data2\" content=\"3 minutes\" \/>\n<script type=\"application\/ld+json\" class=\"yoast-schema-graph\">{\"@context\":\"https:\\\/\\\/schema.org\",\"@graph\":[{\"@type\":\"Article\",\"@id\":\"https:\\\/\\\/www.mooreconnect.at\\\/bmf-info-entscharft-grunderwerbsteuer-durch-eugh-rechtsprechung\\\/#article\",\"isPartOf\":{\"@id\":\"https:\\\/\\\/www.mooreconnect.at\\\/bmf-info-entscharft-grunderwerbsteuer-durch-eugh-rechtsprechung\\\/\"},\"author\":{\"name\":\"henrietta\",\"@id\":\"https:\\\/\\\/www.mooreconnect.at\\\/#\\\/schema\\\/person\\\/1dc358f4c2140547a90532733caae20c\"},\"headline\":\"BMF-Info entsch\u00e4rft Grunderwerbsteuer durch EuGH-Rechtsprechung\",\"datePublished\":\"2026-09-01T10:42:10+00:00\",\"dateModified\":\"2026-09-01T10:42:11+00:00\",\"mainEntityOfPage\":{\"@id\":\"https:\\\/\\\/www.mooreconnect.at\\\/bmf-info-entscharft-grunderwerbsteuer-durch-eugh-rechtsprechung\\\/\"},\"wordCount\":543,\"image\":{\"@id\":\"https:\\\/\\\/www.mooreconnect.at\\\/bmf-info-entscharft-grunderwerbsteuer-durch-eugh-rechtsprechung\\\/#primaryimage\"},\"thumbnailUrl\":\"https:\\\/\\\/www.mooreconnect.at\\\/wp-content\\\/uploads\\\/sites\\\/23\\\/2026\\\/09\\\/ki_2609_grunderwerbsteuer.jpg\",\"articleSection\":[\"Uncategorized\"],\"inLanguage\":\"en-GB\"},{\"@type\":\"WebPage\",\"@id\":\"https:\\\/\\\/www.mooreconnect.at\\\/bmf-info-entscharft-grunderwerbsteuer-durch-eugh-rechtsprechung\\\/\",\"url\":\"https:\\\/\\\/www.mooreconnect.at\\\/bmf-info-entscharft-grunderwerbsteuer-durch-eugh-rechtsprechung\\\/\",\"name\":\"BMF-Info entsch\u00e4rft Grunderwerbsteuer durch EuGH-Rechtsprechung - MOORE connect\",\"isPartOf\":{\"@id\":\"https:\\\/\\\/www.mooreconnect.at\\\/#website\"},\"primaryImageOfPage\":{\"@id\":\"https:\\\/\\\/www.mooreconnect.at\\\/bmf-info-entscharft-grunderwerbsteuer-durch-eugh-rechtsprechung\\\/#primaryimage\"},\"image\":{\"@id\":\"https:\\\/\\\/www.mooreconnect.at\\\/bmf-info-entscharft-grunderwerbsteuer-durch-eugh-rechtsprechung\\\/#primaryimage\"},\"thumbnailUrl\":\"https:\\\/\\\/www.mooreconnect.at\\\/wp-content\\\/uploads\\\/sites\\\/23\\\/2026\\\/09\\\/ki_2609_grunderwerbsteuer.jpg\",\"datePublished\":\"2026-09-01T10:42:10+00:00\",\"dateModified\":\"2026-09-01T10:42:11+00:00\",\"author\":{\"@id\":\"https:\\\/\\\/www.mooreconnect.at\\\/#\\\/schema\\\/person\\\/1dc358f4c2140547a90532733caae20c\"},\"breadcrumb\":{\"@id\":\"https:\\\/\\\/www.mooreconnect.at\\\/bmf-info-entscharft-grunderwerbsteuer-durch-eugh-rechtsprechung\\\/#breadcrumb\"},\"inLanguage\":\"en-GB\",\"potentialAction\":[{\"@type\":\"ReadAction\",\"target\":[\"https:\\\/\\\/www.mooreconnect.at\\\/bmf-info-entscharft-grunderwerbsteuer-durch-eugh-rechtsprechung\\\/\"]}]},{\"@type\":\"ImageObject\",\"inLanguage\":\"en-GB\",\"@id\":\"https:\\\/\\\/www.mooreconnect.at\\\/bmf-info-entscharft-grunderwerbsteuer-durch-eugh-rechtsprechung\\\/#primaryimage\",\"url\":\"https:\\\/\\\/www.mooreconnect.at\\\/wp-content\\\/uploads\\\/sites\\\/23\\\/2026\\\/09\\\/ki_2609_grunderwerbsteuer.jpg\",\"contentUrl\":\"https:\\\/\\\/www.mooreconnect.at\\\/wp-content\\\/uploads\\\/sites\\\/23\\\/2026\\\/09\\\/ki_2609_grunderwerbsteuer.jpg\",\"width\":800,\"height\":533},{\"@type\":\"BreadcrumbList\",\"@id\":\"https:\\\/\\\/www.mooreconnect.at\\\/bmf-info-entscharft-grunderwerbsteuer-durch-eugh-rechtsprechung\\\/#breadcrumb\",\"itemListElement\":[{\"@type\":\"ListItem\",\"position\":1,\"name\":\"Home\",\"item\":\"https:\\\/\\\/www.mooreconnect.at\\\/\"},{\"@type\":\"ListItem\",\"position\":2,\"name\":\"BMF-Info entsch\u00e4rft Grunderwerbsteuer durch EuGH-Rechtsprechung\"}]},{\"@type\":\"WebSite\",\"@id\":\"https:\\\/\\\/www.mooreconnect.at\\\/#website\",\"url\":\"https:\\\/\\\/www.mooreconnect.at\\\/\",\"name\":\"MOORE connect\",\"description\":\"Wir verbinden Menschen \u2013 Ideen \u2013 Werte. Wir begleiten Sie in Ihrer nachhaltigen unternehmerischen Entwicklung. Grundlage daf\u00fcr sind gelingende Beziehungen.\",\"potentialAction\":[{\"@type\":\"SearchAction\",\"target\":{\"@type\":\"EntryPoint\",\"urlTemplate\":\"https:\\\/\\\/www.mooreconnect.at\\\/?s={search_term_string}\"},\"query-input\":{\"@type\":\"PropertyValueSpecification\",\"valueRequired\":true,\"valueName\":\"search_term_string\"}}],\"inLanguage\":\"en-GB\"},{\"@type\":\"Person\",\"@id\":\"https:\\\/\\\/www.mooreconnect.at\\\/#\\\/schema\\\/person\\\/1dc358f4c2140547a90532733caae20c\",\"name\":\"henrietta\",\"image\":{\"@type\":\"ImageObject\",\"inLanguage\":\"en-GB\",\"@id\":\"https:\\\/\\\/secure.gravatar.com\\\/avatar\\\/f25511a91dc171b0875ed98f5403fe8fe266bf297a3215a2fabcaa5a5390884f?s=96&d=mm&r=g\",\"url\":\"https:\\\/\\\/secure.gravatar.com\\\/avatar\\\/f25511a91dc171b0875ed98f5403fe8fe266bf297a3215a2fabcaa5a5390884f?s=96&d=mm&r=g\",\"contentUrl\":\"https:\\\/\\\/secure.gravatar.com\\\/avatar\\\/f25511a91dc171b0875ed98f5403fe8fe266bf297a3215a2fabcaa5a5390884f?s=96&d=mm&r=g\",\"caption\":\"henrietta\"},\"url\":\"https:\\\/\\\/www.mooreconnect.at\\\/en\\\/author\\\/henrietta\\\/\"}]}<\/script>\n<!-- \/ Yoast SEO plugin. -->","yoast_head_json":{"title":"BMF-Info entsch\u00e4rft Grunderwerbsteuer durch EuGH-Rechtsprechung - MOORE connect","robots":{"index":"index","follow":"follow","max-snippet":"max-snippet:-1","max-image-preview":"max-image-preview:large","max-video-preview":"max-video-preview:-1"},"canonical":"https:\/\/www.mooreconnect.at\/en\/bmf-info-entscharft-grunderwerbsteuer-durch-eugh-rechtsprechung\/","og_locale":"en_GB","og_type":"article","og_title":"BMF-Info entsch\u00e4rft Grunderwerbsteuer durch EuGH-Rechtsprechung - MOORE connect","og_description":"Auswirkungen des EuGH-Urteils \u201eNova Iberomoldes\u201c auf \u00d6sterreich Der EuGH hatte in seinem Urteil zur Rechtssache \u201eNova Iberomoldes\u201c (C-837\/24) Anfang Juni 2026 entschieden, dass die Erhebung der portugiesischen Grunderwerbsteuer bei bestimmten Anteils\u00fcbertragungen an grundst\u00fccksbesitzenden Gesellschaften mit der Kapitalansammlungsrichtlinie (RL 2008\/7\/EG) nicht vereinbar ist und die Besteuerung somit unionsrechtswidrig ist. Das BMF hat auf diese EuGH-Entscheidung, die [&hellip;]","og_url":"https:\/\/www.mooreconnect.at\/en\/bmf-info-entscharft-grunderwerbsteuer-durch-eugh-rechtsprechung\/","og_site_name":"MOORE connect","article_published_time":"2026-09-01T10:42:10+00:00","article_modified_time":"2026-09-01T10:42:11+00:00","og_image":[{"width":800,"height":533,"url":"https:\/\/www.mooreconnect.at\/wp-content\/uploads\/sites\/23\/2026\/09\/ki_2609_grunderwerbsteuer.jpg","type":"image\/jpeg"}],"author":"henrietta","twitter_card":"summary_large_image","twitter_misc":{"Written by":"henrietta","Est. reading time":"3 minutes"},"schema":{"@context":"https:\/\/schema.org","@graph":[{"@type":"Article","@id":"https:\/\/www.mooreconnect.at\/bmf-info-entscharft-grunderwerbsteuer-durch-eugh-rechtsprechung\/#article","isPartOf":{"@id":"https:\/\/www.mooreconnect.at\/bmf-info-entscharft-grunderwerbsteuer-durch-eugh-rechtsprechung\/"},"author":{"name":"henrietta","@id":"https:\/\/www.mooreconnect.at\/#\/schema\/person\/1dc358f4c2140547a90532733caae20c"},"headline":"BMF-Info entsch\u00e4rft Grunderwerbsteuer durch EuGH-Rechtsprechung","datePublished":"2026-09-01T10:42:10+00:00","dateModified":"2026-09-01T10:42:11+00:00","mainEntityOfPage":{"@id":"https:\/\/www.mooreconnect.at\/bmf-info-entscharft-grunderwerbsteuer-durch-eugh-rechtsprechung\/"},"wordCount":543,"image":{"@id":"https:\/\/www.mooreconnect.at\/bmf-info-entscharft-grunderwerbsteuer-durch-eugh-rechtsprechung\/#primaryimage"},"thumbnailUrl":"https:\/\/www.mooreconnect.at\/wp-content\/uploads\/sites\/23\/2026\/09\/ki_2609_grunderwerbsteuer.jpg","articleSection":["Uncategorized"],"inLanguage":"en-GB"},{"@type":"WebPage","@id":"https:\/\/www.mooreconnect.at\/bmf-info-entscharft-grunderwerbsteuer-durch-eugh-rechtsprechung\/","url":"https:\/\/www.mooreconnect.at\/bmf-info-entscharft-grunderwerbsteuer-durch-eugh-rechtsprechung\/","name":"BMF-Info entsch\u00e4rft Grunderwerbsteuer durch EuGH-Rechtsprechung - MOORE connect","isPartOf":{"@id":"https:\/\/www.mooreconnect.at\/#website"},"primaryImageOfPage":{"@id":"https:\/\/www.mooreconnect.at\/bmf-info-entscharft-grunderwerbsteuer-durch-eugh-rechtsprechung\/#primaryimage"},"image":{"@id":"https:\/\/www.mooreconnect.at\/bmf-info-entscharft-grunderwerbsteuer-durch-eugh-rechtsprechung\/#primaryimage"},"thumbnailUrl":"https:\/\/www.mooreconnect.at\/wp-content\/uploads\/sites\/23\/2026\/09\/ki_2609_grunderwerbsteuer.jpg","datePublished":"2026-09-01T10:42:10+00:00","dateModified":"2026-09-01T10:42:11+00:00","author":{"@id":"https:\/\/www.mooreconnect.at\/#\/schema\/person\/1dc358f4c2140547a90532733caae20c"},"breadcrumb":{"@id":"https:\/\/www.mooreconnect.at\/bmf-info-entscharft-grunderwerbsteuer-durch-eugh-rechtsprechung\/#breadcrumb"},"inLanguage":"en-GB","potentialAction":[{"@type":"ReadAction","target":["https:\/\/www.mooreconnect.at\/bmf-info-entscharft-grunderwerbsteuer-durch-eugh-rechtsprechung\/"]}]},{"@type":"ImageObject","inLanguage":"en-GB","@id":"https:\/\/www.mooreconnect.at\/bmf-info-entscharft-grunderwerbsteuer-durch-eugh-rechtsprechung\/#primaryimage","url":"https:\/\/www.mooreconnect.at\/wp-content\/uploads\/sites\/23\/2026\/09\/ki_2609_grunderwerbsteuer.jpg","contentUrl":"https:\/\/www.mooreconnect.at\/wp-content\/uploads\/sites\/23\/2026\/09\/ki_2609_grunderwerbsteuer.jpg","width":800,"height":533},{"@type":"BreadcrumbList","@id":"https:\/\/www.mooreconnect.at\/bmf-info-entscharft-grunderwerbsteuer-durch-eugh-rechtsprechung\/#breadcrumb","itemListElement":[{"@type":"ListItem","position":1,"name":"Home","item":"https:\/\/www.mooreconnect.at\/"},{"@type":"ListItem","position":2,"name":"BMF-Info entsch\u00e4rft Grunderwerbsteuer durch EuGH-Rechtsprechung"}]},{"@type":"WebSite","@id":"https:\/\/www.mooreconnect.at\/#website","url":"https:\/\/www.mooreconnect.at\/","name":"MOORE connect","description":"Wir verbinden Menschen \u2013 Ideen \u2013 Werte. Wir begleiten Sie in Ihrer nachhaltigen unternehmerischen Entwicklung. Grundlage daf\u00fcr sind gelingende Beziehungen.","potentialAction":[{"@type":"SearchAction","target":{"@type":"EntryPoint","urlTemplate":"https:\/\/www.mooreconnect.at\/?s={search_term_string}"},"query-input":{"@type":"PropertyValueSpecification","valueRequired":true,"valueName":"search_term_string"}}],"inLanguage":"en-GB"},{"@type":"Person","@id":"https:\/\/www.mooreconnect.at\/#\/schema\/person\/1dc358f4c2140547a90532733caae20c","name":"henrietta","image":{"@type":"ImageObject","inLanguage":"en-GB","@id":"https:\/\/secure.gravatar.com\/avatar\/f25511a91dc171b0875ed98f5403fe8fe266bf297a3215a2fabcaa5a5390884f?s=96&d=mm&r=g","url":"https:\/\/secure.gravatar.com\/avatar\/f25511a91dc171b0875ed98f5403fe8fe266bf297a3215a2fabcaa5a5390884f?s=96&d=mm&r=g","contentUrl":"https:\/\/secure.gravatar.com\/avatar\/f25511a91dc171b0875ed98f5403fe8fe266bf297a3215a2fabcaa5a5390884f?s=96&d=mm&r=g","caption":"henrietta"},"url":"https:\/\/www.mooreconnect.at\/en\/author\/henrietta\/"}]}},"_links":{"self":[{"href":"https:\/\/www.mooreconnect.at\/en\/wp-json\/wp\/v2\/posts\/889","targetHints":{"allow":["GET"]}}],"collection":[{"href":"https:\/\/www.mooreconnect.at\/en\/wp-json\/wp\/v2\/posts"}],"about":[{"href":"https:\/\/www.mooreconnect.at\/en\/wp-json\/wp\/v2\/types\/post"}],"author":[{"embeddable":true,"href":"https:\/\/www.mooreconnect.at\/en\/wp-json\/wp\/v2\/users\/37"}],"replies":[{"embeddable":true,"href":"https:\/\/www.mooreconnect.at\/en\/wp-json\/wp\/v2\/comments?post=889"}],"version-history":[{"count":1,"href":"https:\/\/www.mooreconnect.at\/en\/wp-json\/wp\/v2\/posts\/889\/revisions"}],"predecessor-version":[{"id":891,"href":"https:\/\/www.mooreconnect.at\/en\/wp-json\/wp\/v2\/posts\/889\/revisions\/891"}],"wp:featuredmedia":[{"embeddable":true,"href":"https:\/\/www.mooreconnect.at\/en\/wp-json\/wp\/v2\/media\/890"}],"wp:attachment":[{"href":"https:\/\/www.mooreconnect.at\/en\/wp-json\/wp\/v2\/media?parent=889"}],"wp:term":[{"taxonomy":"category","embeddable":true,"href":"https:\/\/www.mooreconnect.at\/en\/wp-json\/wp\/v2\/categories?post=889"},{"taxonomy":"post_tag","embeddable":true,"href":"https:\/\/www.mooreconnect.at\/en\/wp-json\/wp\/v2\/tags?post=889"},{"taxonomy":"location","embeddable":true,"href":"https:\/\/www.mooreconnect.at\/en\/wp-json\/wp\/v2\/location?post=889"}],"curies":[{"name":"wp","href":"https:\/\/api.w.org\/{rel}","templated":true}]}}