{"id":885,"date":"2026-09-01T10:39:39","date_gmt":"2026-09-01T10:39:39","guid":{"rendered":"https:\/\/www.mooreconnect.at\/?p=885"},"modified":"2026-09-01T10:39:40","modified_gmt":"2026-09-01T10:39:40","slug":"elektronische-offenlegung-des-jahresabschlusses-per-30-9-2026","status":"publish","type":"post","link":"https:\/\/www.mooreconnect.at\/en\/elektronische-offenlegung-des-jahresabschlusses-per-30-9-2026\/","title":{"rendered":"Elektronische Offenlegung des Jahresabschlusses per 30.9.2026"},"content":{"rendered":"<p class=\"wp-block-paragraph\"><strong>Fristen und Kreis der betroffenen Unternehmen<\/strong><\/p>\n\n\n\n<p class=\"wp-block-paragraph\">Etwa 200.000 betroffene Unternehmen m\u00fcssen in \u00d6sterreich ihren Jahresabschluss bis sp\u00e4testens neun Monate nach dem Bilanzstichtag offenlegen. F\u00fcr die gro\u00dfe Masse der Kapitalgesellschaften, bei denen der Bilanzstichtag der 31.12.2025 ist, muss daher die Offenlegung bis zum 30.9.2026 erfolgen.<\/p>\n\n\n\n<p class=\"wp-block-paragraph\"><strong>Zus\u00e4tzliche Angabepflichten seit dem Nachhaltigkeitsberichtsgesetz (NaBeG)<\/strong><\/p>\n\n\n\n<p class=\"wp-block-paragraph\">Zu beachten ist, dass f\u00fcr Einreichungen nach dem 30.6.2026 im Vergleich zur alten Rechtslage vor dem NaBeG zus\u00e4tzliche Angaben gemacht werden m\u00fcssen. So ist u.a. zus\u00e4tzlich zur Gr\u00f6\u00dfenklasse anzugeben:<\/p>\n\n\n\n<ul class=\"wp-block-list\">\n<li>ob es sich um ein Unternehmen im \u00f6ffentlichen Interesse handelt (z.B. kapitalmarktorientiert, Kreditinstitut, Versicherungsunternehmen);<\/li>\n\n\n\n<li>ob eine Pflicht zur Nachhaltigkeitsberichterstattung bestanden hat;<\/li>\n\n\n\n<li>ob eine Pflicht zur Aufstellung eines Corporate Governance-Berichts bestanden hat<\/li>\n\n\n\n<li>oder ein Bericht \u00fcber Zahlungen an staatliche Stellen aufzustellen war.<\/li>\n<\/ul>\n\n\n\n<p class=\"wp-block-paragraph\"><strong>Angaben zur Konzernrechnungslegungspflicht<\/strong><\/p>\n\n\n\n<p class=\"wp-block-paragraph\">W\u00e4hrend diese (neuen) Verpflichtungen in der Regel nur vergleichsweise wenige Unternehmen betreffen, ist f\u00fcr die Praxis auch die neue Angabepflicht zur Konzernrechnungslegungspflicht von Bedeutung. Mutterunternehmen haben demnach anzugeben, ob das Unternehmen der Konzernberichterstattungspflicht unterliegt und wenn nein, welcher Befreiungstatbestand vorliegt. Diese Angaben sind \u00f6ffentlich dann nicht im Firmenbuch einsehbar. Sie dienen lediglich dem Firmenbuchgericht zur Pr\u00fcfung der Vollst\u00e4ndigkeit der zur Offenlegung eingereichten Unterlagen.<\/p>\n\n\n\n<p class=\"wp-block-paragraph\"><strong>Neuerungen bei den Einreichwegen ab 1.1.2026<\/strong><\/p>\n\n\n\n<p class=\"wp-block-paragraph\">Mit 1.1.2026 ist es auch bei der \u201etechnischen Einreichung\u201c zu Neuerungen gekommen. Insbesondere wurde FinanzOnline als \u00dcbermittlungsweg abgeschafft. Die Einreichung kann seither \u00fcber folgende Wege erfolgen:<\/p>\n\n\n\n<ul class=\"wp-block-list\">\n<li>Webformular zur direkten manuellen Eingabe auf\u00a0<a href=\"https:\/\/justizonline.gv.at\/jop\/web\/home\" target=\"_blank\" rel=\"noreferrer noopener\">justizonline.gv.at<\/a>\u00a0f\u00fcr Kleinstkapitalgesellschaften und kleine Kapitalgesellschaften;<\/li>\n\n\n\n<li>\u00dcbermittlung der XML-Datei mit Hilfe einer \u00dcbermittlungsstelle im elektronischen Rechtsverkehr (ERV);<\/li>\n\n\n\n<li>\u00dcbermittlung der XML-Datei mittels eines eigenen Online-Formulars (wo notwendige Metadaten erfasst werden m\u00fcssen) auf\u00a0<a href=\"https:\/\/justizonline.gv.at\/jop\/web\/home\" target=\"_blank\" rel=\"noreferrer noopener\">justizonline.gv.at<\/a>\u00a0\u2013 z.B. bei Verwendung einer eigenen Bilanzierungssoftware ohne direkte \u00dcbermittlungsstellenanbindung.<\/li>\n<\/ul>\n\n\n\n<p class=\"wp-block-paragraph\"><strong>Ausnahmen, Berechtigte und Geb\u00fchren<\/strong><\/p>\n\n\n\n<p class=\"wp-block-paragraph\">Von der verpflichtenden elektronischen Einreichung sind Kapitalgesellschaften und verdeckte Kapitalgesellschaften (insbesondere GmbH &amp; Co KG) betroffen, bei denen die Erl\u00f6se in den letzten zw\u00f6lf Monaten vor dem Bilanzstichtag 70.000&nbsp;\u20ac \u00fcberschritten haben. Bei entsprechenden Ums\u00e4tzen unter 70.000&nbsp;\u20ac ist auch eine Einreichung in Papierform m\u00f6glich. Keine Offenlegungspflicht besteht f\u00fcr Einzelunternehmer und \u201enormale\u201c Personengesellschaften. Die Einreichung des Jahresabschlusses d\u00fcrfen nicht nur Steuerberater und Wirtschaftspr\u00fcfer, sondern auch u.a. Bilanzbuchhalter, Selbst\u00e4ndige Buchhalter, Rechtsanw\u00e4lte, Notare sowie vertretungsbefugte Organwalter des Unternehmens vornehmen. Mit der elektronischen Einreichung sind Geb\u00fchren verbunden.<\/p>\n\n\n\n<p class=\"wp-block-paragraph\"><strong>Automationsunterst\u00fctzte Zwangsstrafen bei Verzug<\/strong><\/p>\n\n\n\n<p class=\"wp-block-paragraph\">Bei nicht ordnungsgem\u00e4\u00dfer und somit auch bei versp\u00e4teter Einreichung drohen automationsunterst\u00fctzt verh\u00e4ngte Zwangsstrafen. Die versp\u00e4tete Einreichung (ob bewusst oder irrt\u00fcmlich) ist in der Praxis \u00fcbrigens gar nicht so selten. Sch\u00e4tzungen gehen davon aus, dass etwa jedes achte Unternehmen in der Vergangenheit die Offenlegungsfristen nicht eingehalten hat. Die Strafen bei versp\u00e4teter Einreichung betreffen die Gesellschaft und den Gesch\u00e4ftsf\u00fchrer\/Vorstand selbst. Beginnend bei 700&nbsp;\u20ac f\u00fcr jeden Gesch\u00e4ftsf\u00fchrer\/Vorstand kommt es bei kleinen Kapitalgesellschaften alle zwei Monate wieder zu einer Strafe von 700&nbsp;\u20ac, wenn der Jahresabschluss weiterhin nicht eingereicht wird. Organe von mittelgro\u00dfen Kapitalgesellschaften m\u00fcssen 2.100&nbsp;\u20ac zahlen und Organe von gro\u00dfen Kapitalgesellschaften sogar 4.200&nbsp;\u20ac.<\/p>\n\n\n\n<p class=\"wp-block-paragraph\"><strong>Neue Straftatbest\u00e4nde und erh\u00f6hte Strafrahmen<\/strong><\/p>\n\n\n\n<p class=\"wp-block-paragraph\">Mit dem NaBeG neu eingef\u00fchrt wurden insbesondere Straftatbest\u00e4nde im Zusammenhang mit<\/p>\n\n\n\n<ul class=\"wp-block-list\">\n<li>der nicht ordnungsgem\u00e4\u00dfen Erstellung der Nachhaltigkeitsberichterstattung,<\/li>\n\n\n\n<li>unzureichenden Angaben zum Ausschluss von Tochterunternehmen im Konzernanhang,<\/li>\n\n\n\n<li>mangelhaften Beteiligungsangaben im Konzernabschluss sowie<\/li>\n\n\n\n<li>fehlerhaften oder unterlassenen Angaben zur eigenst\u00e4ndigen Gr\u00f6\u00dfenklasseneinstufung im Jahres- oder Konzernabschluss.<\/li>\n<\/ul>\n\n\n\n<p class=\"wp-block-paragraph\">Die vorgesehenen Strafrahmen betragen bei kleinen Kapitalgesellschaften bis zu 3.600&nbsp;\u20ac, bei mittelgro\u00dfen und gro\u00dfen Kapitalgesellschaften bis zu 7.000&nbsp;\u20ac. Im Wiederholungsfall kann sich das H\u00f6chstausma\u00df der Geldstrafe auf bis zu 20.000&nbsp;\u20ac bei kleinen und mittelgro\u00dfen sowie auf bis zu 50.000&nbsp;\u20ac bei gro\u00dfen Kapitalgesellschaften erh\u00f6hen. Die neuen Strafbestimmungen sind erstmals auf Berichtsunterlagen anzuwenden, die sich auf Abschlussstichtage nach dem 31. M\u00e4rz 2026 beziehen.<\/p>\n\n\n\n<p class=\"wp-block-paragraph\">Bild: Illustrative Darstellung (KI-generiert)<\/p>\n\n\n\n<p class=\"wp-block-paragraph\">Die ver\u00f6ffentlichten Beitr\u00e4ge sind urheberrechtlich gesch\u00fctzt und ohne Gew\u00e4hr.<br>\u00a9 MOORE connect Steuerberatung Wirtschaftsmediation GmbH | Klienten-Info<\/p>","protected":false},"excerpt":{"rendered":"<p>Fristen und Kreis der betroffenen Unternehmen Etwa 200.000 betroffene Unternehmen m\u00fcssen in \u00d6sterreich ihren Jahresabschluss bis sp\u00e4testens neun Monate nach dem Bilanzstichtag offenlegen. F\u00fcr die gro\u00dfe Masse der Kapitalgesellschaften, bei denen der Bilanzstichtag der 31.12.2025 ist, muss daher die Offenlegung bis zum 30.9.2026 erfolgen. Zus\u00e4tzliche Angabepflichten seit dem Nachhaltigkeitsberichtsgesetz (NaBeG) Zu beachten ist, dass f\u00fcr [&hellip;]<\/p>\n","protected":false},"author":37,"featured_media":886,"comment_status":"closed","ping_status":"open","sticky":false,"template":"","format":"standard","meta":{"_acf_changed":false,"footnotes":""},"categories":[1],"tags":[],"location":[],"class_list":["post-885","post","type-post","status-publish","format-standard","has-post-thumbnail","hentry","category-uncategorized"],"acf":[],"yoast_head":"<!-- This site is optimized with the Yoast SEO plugin v28.3 - https:\/\/yoast.com\/product\/yoast-seo-wordpress\/ -->\n<title>Elektronische Offenlegung des Jahresabschlusses per 30.9.2026 - MOORE connect<\/title>\n<meta name=\"robots\" content=\"index, follow, max-snippet:-1, max-image-preview:large, max-video-preview:-1\" \/>\n<link rel=\"canonical\" href=\"https:\/\/www.mooreconnect.at\/en\/elektronische-offenlegung-des-jahresabschlusses-per-30-9-2026\/\" \/>\n<meta property=\"og:locale\" content=\"en_GB\" \/>\n<meta property=\"og:type\" content=\"article\" \/>\n<meta property=\"og:title\" content=\"Elektronische Offenlegung des Jahresabschlusses per 30.9.2026 - MOORE connect\" \/>\n<meta property=\"og:description\" content=\"Fristen und Kreis der betroffenen Unternehmen Etwa 200.000 betroffene Unternehmen m\u00fcssen in \u00d6sterreich ihren Jahresabschluss bis sp\u00e4testens neun Monate nach dem Bilanzstichtag offenlegen. F\u00fcr die gro\u00dfe Masse der Kapitalgesellschaften, bei denen der Bilanzstichtag der 31.12.2025 ist, muss daher die Offenlegung bis zum 30.9.2026 erfolgen. Zus\u00e4tzliche Angabepflichten seit dem Nachhaltigkeitsberichtsgesetz (NaBeG) Zu beachten ist, dass f\u00fcr [&hellip;]\" \/>\n<meta property=\"og:url\" content=\"https:\/\/www.mooreconnect.at\/en\/elektronische-offenlegung-des-jahresabschlusses-per-30-9-2026\/\" \/>\n<meta property=\"og:site_name\" content=\"MOORE connect\" \/>\n<meta property=\"article:published_time\" content=\"2026-09-01T10:39:39+00:00\" \/>\n<meta property=\"article:modified_time\" content=\"2026-09-01T10:39:40+00:00\" \/>\n<meta property=\"og:image\" content=\"https:\/\/www.mooreconnect.at\/wp-content\/uploads\/sites\/23\/2026\/09\/ki_2609_jahresabschluss.jpg\" \/>\n\t<meta property=\"og:image:width\" content=\"800\" \/>\n\t<meta property=\"og:image:height\" content=\"533\" \/>\n\t<meta property=\"og:image:type\" content=\"image\/jpeg\" \/>\n<meta name=\"author\" content=\"henrietta\" \/>\n<meta name=\"twitter:card\" content=\"summary_large_image\" \/>\n<meta name=\"twitter:label1\" content=\"Written by\" \/>\n\t<meta name=\"twitter:data1\" content=\"henrietta\" \/>\n\t<meta name=\"twitter:label2\" content=\"Est. reading time\" \/>\n\t<meta name=\"twitter:data2\" content=\"4 minutes\" \/>\n<script type=\"application\/ld+json\" class=\"yoast-schema-graph\">{\"@context\":\"https:\\\/\\\/schema.org\",\"@graph\":[{\"@type\":\"Article\",\"@id\":\"https:\\\/\\\/www.mooreconnect.at\\\/elektronische-offenlegung-des-jahresabschlusses-per-30-9-2026\\\/#article\",\"isPartOf\":{\"@id\":\"https:\\\/\\\/www.mooreconnect.at\\\/elektronische-offenlegung-des-jahresabschlusses-per-30-9-2026\\\/\"},\"author\":{\"name\":\"henrietta\",\"@id\":\"https:\\\/\\\/www.mooreconnect.at\\\/#\\\/schema\\\/person\\\/1dc358f4c2140547a90532733caae20c\"},\"headline\":\"Elektronische Offenlegung des Jahresabschlusses per 30.9.2026\",\"datePublished\":\"2026-09-01T10:39:39+00:00\",\"dateModified\":\"2026-09-01T10:39:40+00:00\",\"mainEntityOfPage\":{\"@id\":\"https:\\\/\\\/www.mooreconnect.at\\\/elektronische-offenlegung-des-jahresabschlusses-per-30-9-2026\\\/\"},\"wordCount\":649,\"image\":{\"@id\":\"https:\\\/\\\/www.mooreconnect.at\\\/elektronische-offenlegung-des-jahresabschlusses-per-30-9-2026\\\/#primaryimage\"},\"thumbnailUrl\":\"https:\\\/\\\/www.mooreconnect.at\\\/wp-content\\\/uploads\\\/sites\\\/23\\\/2026\\\/09\\\/ki_2609_jahresabschluss.jpg\",\"articleSection\":[\"Uncategorized\"],\"inLanguage\":\"en-GB\"},{\"@type\":\"WebPage\",\"@id\":\"https:\\\/\\\/www.mooreconnect.at\\\/elektronische-offenlegung-des-jahresabschlusses-per-30-9-2026\\\/\",\"url\":\"https:\\\/\\\/www.mooreconnect.at\\\/elektronische-offenlegung-des-jahresabschlusses-per-30-9-2026\\\/\",\"name\":\"Elektronische Offenlegung des Jahresabschlusses per 30.9.2026 - MOORE connect\",\"isPartOf\":{\"@id\":\"https:\\\/\\\/www.mooreconnect.at\\\/#website\"},\"primaryImageOfPage\":{\"@id\":\"https:\\\/\\\/www.mooreconnect.at\\\/elektronische-offenlegung-des-jahresabschlusses-per-30-9-2026\\\/#primaryimage\"},\"image\":{\"@id\":\"https:\\\/\\\/www.mooreconnect.at\\\/elektronische-offenlegung-des-jahresabschlusses-per-30-9-2026\\\/#primaryimage\"},\"thumbnailUrl\":\"https:\\\/\\\/www.mooreconnect.at\\\/wp-content\\\/uploads\\\/sites\\\/23\\\/2026\\\/09\\\/ki_2609_jahresabschluss.jpg\",\"datePublished\":\"2026-09-01T10:39:39+00:00\",\"dateModified\":\"2026-09-01T10:39:40+00:00\",\"author\":{\"@id\":\"https:\\\/\\\/www.mooreconnect.at\\\/#\\\/schema\\\/person\\\/1dc358f4c2140547a90532733caae20c\"},\"breadcrumb\":{\"@id\":\"https:\\\/\\\/www.mooreconnect.at\\\/elektronische-offenlegung-des-jahresabschlusses-per-30-9-2026\\\/#breadcrumb\"},\"inLanguage\":\"en-GB\",\"potentialAction\":[{\"@type\":\"ReadAction\",\"target\":[\"https:\\\/\\\/www.mooreconnect.at\\\/elektronische-offenlegung-des-jahresabschlusses-per-30-9-2026\\\/\"]}]},{\"@type\":\"ImageObject\",\"inLanguage\":\"en-GB\",\"@id\":\"https:\\\/\\\/www.mooreconnect.at\\\/elektronische-offenlegung-des-jahresabschlusses-per-30-9-2026\\\/#primaryimage\",\"url\":\"https:\\\/\\\/www.mooreconnect.at\\\/wp-content\\\/uploads\\\/sites\\\/23\\\/2026\\\/09\\\/ki_2609_jahresabschluss.jpg\",\"contentUrl\":\"https:\\\/\\\/www.mooreconnect.at\\\/wp-content\\\/uploads\\\/sites\\\/23\\\/2026\\\/09\\\/ki_2609_jahresabschluss.jpg\",\"width\":800,\"height\":533},{\"@type\":\"BreadcrumbList\",\"@id\":\"https:\\\/\\\/www.mooreconnect.at\\\/elektronische-offenlegung-des-jahresabschlusses-per-30-9-2026\\\/#breadcrumb\",\"itemListElement\":[{\"@type\":\"ListItem\",\"position\":1,\"name\":\"Home\",\"item\":\"https:\\\/\\\/www.mooreconnect.at\\\/\"},{\"@type\":\"ListItem\",\"position\":2,\"name\":\"Elektronische Offenlegung des Jahresabschlusses per 30.9.2026\"}]},{\"@type\":\"WebSite\",\"@id\":\"https:\\\/\\\/www.mooreconnect.at\\\/#website\",\"url\":\"https:\\\/\\\/www.mooreconnect.at\\\/\",\"name\":\"MOORE connect\",\"description\":\"Wir verbinden Menschen \u2013 Ideen \u2013 Werte. Wir begleiten Sie in Ihrer nachhaltigen unternehmerischen Entwicklung. Grundlage daf\u00fcr sind gelingende Beziehungen.\",\"potentialAction\":[{\"@type\":\"SearchAction\",\"target\":{\"@type\":\"EntryPoint\",\"urlTemplate\":\"https:\\\/\\\/www.mooreconnect.at\\\/?s={search_term_string}\"},\"query-input\":{\"@type\":\"PropertyValueSpecification\",\"valueRequired\":true,\"valueName\":\"search_term_string\"}}],\"inLanguage\":\"en-GB\"},{\"@type\":\"Person\",\"@id\":\"https:\\\/\\\/www.mooreconnect.at\\\/#\\\/schema\\\/person\\\/1dc358f4c2140547a90532733caae20c\",\"name\":\"henrietta\",\"image\":{\"@type\":\"ImageObject\",\"inLanguage\":\"en-GB\",\"@id\":\"https:\\\/\\\/secure.gravatar.com\\\/avatar\\\/f25511a91dc171b0875ed98f5403fe8fe266bf297a3215a2fabcaa5a5390884f?s=96&d=mm&r=g\",\"url\":\"https:\\\/\\\/secure.gravatar.com\\\/avatar\\\/f25511a91dc171b0875ed98f5403fe8fe266bf297a3215a2fabcaa5a5390884f?s=96&d=mm&r=g\",\"contentUrl\":\"https:\\\/\\\/secure.gravatar.com\\\/avatar\\\/f25511a91dc171b0875ed98f5403fe8fe266bf297a3215a2fabcaa5a5390884f?s=96&d=mm&r=g\",\"caption\":\"henrietta\"},\"url\":\"https:\\\/\\\/www.mooreconnect.at\\\/en\\\/author\\\/henrietta\\\/\"}]}<\/script>\n<!-- \/ Yoast SEO plugin. -->","yoast_head_json":{"title":"Elektronische Offenlegung des Jahresabschlusses per 30.9.2026 - MOORE connect","robots":{"index":"index","follow":"follow","max-snippet":"max-snippet:-1","max-image-preview":"max-image-preview:large","max-video-preview":"max-video-preview:-1"},"canonical":"https:\/\/www.mooreconnect.at\/en\/elektronische-offenlegung-des-jahresabschlusses-per-30-9-2026\/","og_locale":"en_GB","og_type":"article","og_title":"Elektronische Offenlegung des Jahresabschlusses per 30.9.2026 - MOORE connect","og_description":"Fristen und Kreis der betroffenen Unternehmen Etwa 200.000 betroffene Unternehmen m\u00fcssen in \u00d6sterreich ihren Jahresabschluss bis sp\u00e4testens neun Monate nach dem Bilanzstichtag offenlegen. F\u00fcr die gro\u00dfe Masse der Kapitalgesellschaften, bei denen der Bilanzstichtag der 31.12.2025 ist, muss daher die Offenlegung bis zum 30.9.2026 erfolgen. Zus\u00e4tzliche Angabepflichten seit dem Nachhaltigkeitsberichtsgesetz (NaBeG) Zu beachten ist, dass f\u00fcr [&hellip;]","og_url":"https:\/\/www.mooreconnect.at\/en\/elektronische-offenlegung-des-jahresabschlusses-per-30-9-2026\/","og_site_name":"MOORE connect","article_published_time":"2026-09-01T10:39:39+00:00","article_modified_time":"2026-09-01T10:39:40+00:00","og_image":[{"width":800,"height":533,"url":"https:\/\/www.mooreconnect.at\/wp-content\/uploads\/sites\/23\/2026\/09\/ki_2609_jahresabschluss.jpg","type":"image\/jpeg"}],"author":"henrietta","twitter_card":"summary_large_image","twitter_misc":{"Written by":"henrietta","Est. reading time":"4 minutes"},"schema":{"@context":"https:\/\/schema.org","@graph":[{"@type":"Article","@id":"https:\/\/www.mooreconnect.at\/elektronische-offenlegung-des-jahresabschlusses-per-30-9-2026\/#article","isPartOf":{"@id":"https:\/\/www.mooreconnect.at\/elektronische-offenlegung-des-jahresabschlusses-per-30-9-2026\/"},"author":{"name":"henrietta","@id":"https:\/\/www.mooreconnect.at\/#\/schema\/person\/1dc358f4c2140547a90532733caae20c"},"headline":"Elektronische Offenlegung des Jahresabschlusses per 30.9.2026","datePublished":"2026-09-01T10:39:39+00:00","dateModified":"2026-09-01T10:39:40+00:00","mainEntityOfPage":{"@id":"https:\/\/www.mooreconnect.at\/elektronische-offenlegung-des-jahresabschlusses-per-30-9-2026\/"},"wordCount":649,"image":{"@id":"https:\/\/www.mooreconnect.at\/elektronische-offenlegung-des-jahresabschlusses-per-30-9-2026\/#primaryimage"},"thumbnailUrl":"https:\/\/www.mooreconnect.at\/wp-content\/uploads\/sites\/23\/2026\/09\/ki_2609_jahresabschluss.jpg","articleSection":["Uncategorized"],"inLanguage":"en-GB"},{"@type":"WebPage","@id":"https:\/\/www.mooreconnect.at\/elektronische-offenlegung-des-jahresabschlusses-per-30-9-2026\/","url":"https:\/\/www.mooreconnect.at\/elektronische-offenlegung-des-jahresabschlusses-per-30-9-2026\/","name":"Elektronische Offenlegung des Jahresabschlusses per 30.9.2026 - MOORE connect","isPartOf":{"@id":"https:\/\/www.mooreconnect.at\/#website"},"primaryImageOfPage":{"@id":"https:\/\/www.mooreconnect.at\/elektronische-offenlegung-des-jahresabschlusses-per-30-9-2026\/#primaryimage"},"image":{"@id":"https:\/\/www.mooreconnect.at\/elektronische-offenlegung-des-jahresabschlusses-per-30-9-2026\/#primaryimage"},"thumbnailUrl":"https:\/\/www.mooreconnect.at\/wp-content\/uploads\/sites\/23\/2026\/09\/ki_2609_jahresabschluss.jpg","datePublished":"2026-09-01T10:39:39+00:00","dateModified":"2026-09-01T10:39:40+00:00","author":{"@id":"https:\/\/www.mooreconnect.at\/#\/schema\/person\/1dc358f4c2140547a90532733caae20c"},"breadcrumb":{"@id":"https:\/\/www.mooreconnect.at\/elektronische-offenlegung-des-jahresabschlusses-per-30-9-2026\/#breadcrumb"},"inLanguage":"en-GB","potentialAction":[{"@type":"ReadAction","target":["https:\/\/www.mooreconnect.at\/elektronische-offenlegung-des-jahresabschlusses-per-30-9-2026\/"]}]},{"@type":"ImageObject","inLanguage":"en-GB","@id":"https:\/\/www.mooreconnect.at\/elektronische-offenlegung-des-jahresabschlusses-per-30-9-2026\/#primaryimage","url":"https:\/\/www.mooreconnect.at\/wp-content\/uploads\/sites\/23\/2026\/09\/ki_2609_jahresabschluss.jpg","contentUrl":"https:\/\/www.mooreconnect.at\/wp-content\/uploads\/sites\/23\/2026\/09\/ki_2609_jahresabschluss.jpg","width":800,"height":533},{"@type":"BreadcrumbList","@id":"https:\/\/www.mooreconnect.at\/elektronische-offenlegung-des-jahresabschlusses-per-30-9-2026\/#breadcrumb","itemListElement":[{"@type":"ListItem","position":1,"name":"Home","item":"https:\/\/www.mooreconnect.at\/"},{"@type":"ListItem","position":2,"name":"Elektronische Offenlegung des Jahresabschlusses per 30.9.2026"}]},{"@type":"WebSite","@id":"https:\/\/www.mooreconnect.at\/#website","url":"https:\/\/www.mooreconnect.at\/","name":"MOORE connect","description":"Wir verbinden Menschen \u2013 Ideen \u2013 Werte. Wir begleiten Sie in Ihrer nachhaltigen unternehmerischen Entwicklung. Grundlage daf\u00fcr sind gelingende Beziehungen.","potentialAction":[{"@type":"SearchAction","target":{"@type":"EntryPoint","urlTemplate":"https:\/\/www.mooreconnect.at\/?s={search_term_string}"},"query-input":{"@type":"PropertyValueSpecification","valueRequired":true,"valueName":"search_term_string"}}],"inLanguage":"en-GB"},{"@type":"Person","@id":"https:\/\/www.mooreconnect.at\/#\/schema\/person\/1dc358f4c2140547a90532733caae20c","name":"henrietta","image":{"@type":"ImageObject","inLanguage":"en-GB","@id":"https:\/\/secure.gravatar.com\/avatar\/f25511a91dc171b0875ed98f5403fe8fe266bf297a3215a2fabcaa5a5390884f?s=96&d=mm&r=g","url":"https:\/\/secure.gravatar.com\/avatar\/f25511a91dc171b0875ed98f5403fe8fe266bf297a3215a2fabcaa5a5390884f?s=96&d=mm&r=g","contentUrl":"https:\/\/secure.gravatar.com\/avatar\/f25511a91dc171b0875ed98f5403fe8fe266bf297a3215a2fabcaa5a5390884f?s=96&d=mm&r=g","caption":"henrietta"},"url":"https:\/\/www.mooreconnect.at\/en\/author\/henrietta\/"}]}},"_links":{"self":[{"href":"https:\/\/www.mooreconnect.at\/en\/wp-json\/wp\/v2\/posts\/885","targetHints":{"allow":["GET"]}}],"collection":[{"href":"https:\/\/www.mooreconnect.at\/en\/wp-json\/wp\/v2\/posts"}],"about":[{"href":"https:\/\/www.mooreconnect.at\/en\/wp-json\/wp\/v2\/types\/post"}],"author":[{"embeddable":true,"href":"https:\/\/www.mooreconnect.at\/en\/wp-json\/wp\/v2\/users\/37"}],"replies":[{"embeddable":true,"href":"https:\/\/www.mooreconnect.at\/en\/wp-json\/wp\/v2\/comments?post=885"}],"version-history":[{"count":1,"href":"https:\/\/www.mooreconnect.at\/en\/wp-json\/wp\/v2\/posts\/885\/revisions"}],"predecessor-version":[{"id":887,"href":"https:\/\/www.mooreconnect.at\/en\/wp-json\/wp\/v2\/posts\/885\/revisions\/887"}],"wp:featuredmedia":[{"embeddable":true,"href":"https:\/\/www.mooreconnect.at\/en\/wp-json\/wp\/v2\/media\/886"}],"wp:attachment":[{"href":"https:\/\/www.mooreconnect.at\/en\/wp-json\/wp\/v2\/media?parent=885"}],"wp:term":[{"taxonomy":"category","embeddable":true,"href":"https:\/\/www.mooreconnect.at\/en\/wp-json\/wp\/v2\/categories?post=885"},{"taxonomy":"post_tag","embeddable":true,"href":"https:\/\/www.mooreconnect.at\/en\/wp-json\/wp\/v2\/tags?post=885"},{"taxonomy":"location","embeddable":true,"href":"https:\/\/www.mooreconnect.at\/en\/wp-json\/wp\/v2\/location?post=885"}],"curies":[{"name":"wp","href":"https:\/\/api.w.org\/{rel}","templated":true}]}}