{"id":708,"date":"2025-12-19T10:00:39","date_gmt":"2025-12-19T10:00:39","guid":{"rendered":"https:\/\/www.mooreconnect.at\/?p=708"},"modified":"2025-12-19T10:00:40","modified_gmt":"2025-12-19T10:00:40","slug":"regierungsvorlage-zum-abgabenanderungsgesetz-2025","status":"publish","type":"post","link":"https:\/\/www.mooreconnect.at\/en\/regierungsvorlage-zum-abgabenanderungsgesetz-2025\/","title":{"rendered":"Regierungsvorlage zum Abgaben\u00ad\u00e4nderungs\u00adgesetz 2025"},"content":{"rendered":"<p>Mitte November ist die Regierungsvorlage zum Abgaben\u00e4nderungsgesetz 2025 (Abg\u00c4G 2025) im Nationalrat eingebracht worden. Ausgew\u00e4hlte wichtige Aspekte sind nachfolgend im \u00dcberblick dargestellt. Die finale Gesetzwerdung bleibt abzuwarten.<\/p>\n\n\n\n<p><strong>Abgeltung der kalten Progression um 1,7333&nbsp;%<\/strong><\/p>\n\n\n\n<p>Im Kampf gegen die kalte Progression werden wesentliche Tarifelemente in der Einkommensteuer wie auch Absetzbetr\u00e4ge automatisch um 2\/3 der Inflationsrate angepasst (f\u00fcr das Jahr 2026 sind 2\/3 von 2,6&nbsp;% 1,7333&nbsp;%) &#8211; das letzte Drittel ist variabel einsetzbar, wird jedoch aktuell aufgrund der angespannten Budgetsituation ausgesetzt. Diese erh\u00f6hten Betr\u00e4ge sollen im EStG gesetzlich verankert werden. Beim Spitzensteuersatz von 55&nbsp;% erfolgt keine inflationsbedingte Anpassung.<\/p>\n\n\n\n<p>Die f\u00fcr die Anwendung der 1. bis 5. Tarifstufe in der Einkommensteuer ab 2026 ma\u00dfgebenden Grenzbetr\u00e4ge ergeben sich wie folgt.<\/p>\n\n\n\n<figure class=\"wp-block-table\"><table class=\"has-fixed-layout\"><tbody><tr><th colspan=\"2\"><strong>Einkommen<\/strong>&nbsp;(in&nbsp;\u20ac)<\/th><th rowspan=\"2\"><strong>Grenzsteuersatz<\/strong><\/th><\/tr><tr><th>\u00dcber<\/th><th>Bis<\/th><\/tr><tr><th>0<\/th><td>13.539<\/td><td>0&nbsp;%<\/td><\/tr><tr><th>13.539<\/th><td>21.992<\/td><td>20&nbsp;%<\/td><\/tr><tr><th>21.992<\/th><td>36.458<\/td><td>30&nbsp;%<\/td><\/tr><tr><th>36.458<\/th><td>70.365<\/td><td>40&nbsp;%<\/td><\/tr><tr><th>70.365<\/th><td>104.859<\/td><td>48&nbsp;%<\/td><\/tr><tr><th>104.859<\/th><td>1.000.000<\/td><td>50&nbsp;%<\/td><\/tr><tr><th>\u00dcber<\/th><td>1.000.000<\/td><td>55&nbsp;%<\/td><\/tr><\/tbody><\/table><\/figure>\n\n\n\n<p><strong>R\u00fcckf\u00fchrung von Wertpapieren auf Depots bei inl\u00e4ndischen depotf\u00fchrenden Stellen wird erleichtert<\/strong><\/p>\n\n\n\n<p>Bisher war es f\u00fcr die &#8220;Repatriierung&#8221; von Wertpapieren von ausl\u00e4ndischen Depots notwendig, dass die ausl\u00e4ndische depotf\u00fchrende Stelle beauftragt wird, die Daten an die \u00fcbernehmende inl\u00e4ndische Stelle mitzuteilen. Nunmehr soll nach dem 30.6.2026 eine steuerneutrale Depot\u00fcbertragung in das Inland m\u00f6glich sein, wenn der Steuerpflichtige dem zust\u00e4ndigen Finanzamt innerhalb eines Monats die \u00fcbertragenen Wirtschaftsg\u00fcter, die Anschaffungskosten sowie die aufnehmende depotf\u00fchrende Stelle mitteilt.<\/p>\n\n\n\n<p><strong>Erfreuliche Klarstellung bei Risikoversicherungen<\/strong><\/p>\n\n\n\n<p>Die bisherige Verwaltungspraxis zu Renten aus Personen-Risikoversicherungen soll nunmehr gesetzlich verankert werden. Dies bedeutet, dass Renten aus Personen-Risikoversicherungen erst ab jenem Zeitpunkt zur Steuerpflicht f\u00fchren sollen, ab dem die Summe der Rentenzahlungen den Rentenbarwert \u00fcbersteigt. Dadurch kann eine \u00fcberproportionale steuerliche Belastung von Personen verhindert werden, die zus\u00e4tzlich privat vorsorgen bzw. einen Schicksalsschlag erleiden.<\/p>\n\n\n\n<p><strong>Klarstellung bei der erweiterten beschleunigten Geb\u00e4ude-AfA<\/strong><\/p>\n\n\n\n<p>Durch das Abg\u00c4G 2025 soll die bereits in der Verwaltungspraxis vorgesehene, &#8220;objektbezogene Sichtweise&#8221; gesetzlich verankert werden. Konkret geht es darum, dass bei der erweiterten beschleunigten Geb\u00e4ude-AfA f\u00fcr in den Jahren 2024 bis 2026 fertiggestellte Wohngeb\u00e4ude klargestellt wird, dass bei der entgeltlichen \u00dcbertragung des beg\u00fcnstigten Geb\u00e4udes der K\u00e4ufer die Beg\u00fcnstigung nicht in Anspruch nehmen kann, wenn der Ver\u00e4u\u00dferer bereits das Geb\u00e4ude zur Erzielung von Eink\u00fcnften genutzt hat.<\/p>\n\n\n\n<p><strong>Elektronisches Verfahren bei Geb\u00fchren und Verkehrsteuern geplant<\/strong><\/p>\n\n\n\n<p>In kleinen Schritten und \u00fcber mehrere Jahre soll das bisherige Papierverfahren bei den Geb\u00fchren und Verkehrsteuern durch ein elektronisches Verfahren ersetzt werden. Angedacht sind die \u00c4nderungen 2026 bei der Grunderwerbsteuer, 2027 bei den Versicherungssteuern und schlie\u00dflich 2028 bei den Geb\u00fchren. Die technische Ausgestaltung und organisatorische Durchf\u00fchrung bleibt abzuwarten und soll jeweils durch Verordnung erfolgen.<\/p>\n\n\n\n<p><strong>Steuerschuld kraft Rechnungslegung nur zwischen Unternehmern (B2B)<\/strong><\/p>\n\n\n\n<p>Als Folge von EuGH-Judikatur (&#8220;P-GmbH&#8221;) soll bei der Ausstellung einer Rechnung an einen Endverbraucher keine Umsatzsteuer kraft Rechnung entstehen. Hingegen f\u00fchrt &#8211; wie bisher &#8211; bei Rechnungen an Unternehmer eine f\u00e4lschlich ausgewiesene Umsatzsteuer zur Umsatzsteuer kraft Rechnungslegung. Dies soll unabh\u00e4ngig davon gelten, ob der empfangende Unternehmer zum Vorsteuerabzug berechtigt ist oder nicht.<\/p>\n\n\n\n<p><strong>Ausweitung der Tabaksteuer auf neuartige Alternativprodukte<\/strong><\/p>\n\n\n\n<p>Hei\u00df diskutiert wurde die Aufnahme von Nikotinbeuteln (Nikotinpouches) und Liquids f\u00fcr elektronische Zigaretten in den Steuergegenstand der Tabaksteuer. Dies soll ab 1.4.2026 erfolgen und zusammen mit \u00c4nderungen der Steuers\u00e4tze bei klassischen Tabakwaren (Zigaretten, Zigarren usw.) zu einem Mehraufkommen von 475 Mio.&nbsp;\u20ac bis zum Jahr 2029 beitragen.<\/p>\n\n\n\n<p><br>Bild: \u00a9 Parlamentsdirektion \/ Thomas Topf Die ver\u00f6ffentlichten Beitr\u00e4ge sind urheberrechtlich gesch\u00fctzt und ohne Gew\u00e4hr.<br>\u00a9 MOORE connect Steuerberatung Wirtschaftsmediation GmbH | Klienten-Info<\/p>","protected":false},"excerpt":{"rendered":"<p>Mitte November ist die Regierungsvorlage zum Abgaben\u00e4nderungsgesetz 2025 (Abg\u00c4G 2025) im Nationalrat eingebracht worden. Ausgew\u00e4hlte wichtige Aspekte sind nachfolgend im \u00dcberblick dargestellt. Die finale Gesetzwerdung bleibt abzuwarten. Abgeltung der kalten Progression um 1,7333&nbsp;% Im Kampf gegen die kalte Progression werden wesentliche Tarifelemente in der Einkommensteuer wie auch Absetzbetr\u00e4ge automatisch um 2\/3 der Inflationsrate angepasst (f\u00fcr [&hellip;]<\/p>\n","protected":false},"author":37,"featured_media":697,"comment_status":"closed","ping_status":"open","sticky":false,"template":"","format":"standard","meta":{"_acf_changed":false,"footnotes":""},"categories":[1],"tags":[],"location":[],"class_list":["post-708","post","type-post","status-publish","format-standard","has-post-thumbnail","hentry","category-uncategorized"],"acf":[],"yoast_head":"<!-- This site is optimized with the Yoast SEO plugin v27.2 - https:\/\/yoast.com\/product\/yoast-seo-wordpress\/ -->\n<title>Regierungsvorlage zum Abgaben\u00ad\u00e4nderungs\u00adgesetz 2025 - MOORE connect<\/title>\n<meta name=\"robots\" content=\"index, follow, max-snippet:-1, max-image-preview:large, max-video-preview:-1\" \/>\n<link rel=\"canonical\" href=\"https:\/\/www.mooreconnect.at\/en\/regierungsvorlage-zum-abgabenanderungsgesetz-2025\/\" \/>\n<meta property=\"og:locale\" content=\"en_GB\" \/>\n<meta property=\"og:type\" content=\"article\" \/>\n<meta property=\"og:title\" content=\"Regierungsvorlage zum Abgaben\u00ad\u00e4nderungs\u00adgesetz 2025 - MOORE connect\" \/>\n<meta property=\"og:description\" content=\"Mitte November ist die Regierungsvorlage zum Abgaben\u00e4nderungsgesetz 2025 (Abg\u00c4G 2025) im Nationalrat eingebracht worden. Ausgew\u00e4hlte wichtige Aspekte sind nachfolgend im \u00dcberblick dargestellt. Die finale Gesetzwerdung bleibt abzuwarten. Abgeltung der kalten Progression um 1,7333&nbsp;% Im Kampf gegen die kalte Progression werden wesentliche Tarifelemente in der Einkommensteuer wie auch Absetzbetr\u00e4ge automatisch um 2\/3 der Inflationsrate angepasst (f\u00fcr [&hellip;]\" \/>\n<meta property=\"og:url\" content=\"https:\/\/www.mooreconnect.at\/en\/regierungsvorlage-zum-abgabenanderungsgesetz-2025\/\" \/>\n<meta property=\"og:site_name\" content=\"MOORE connect\" \/>\n<meta property=\"article:published_time\" content=\"2025-12-19T10:00:39+00:00\" \/>\n<meta property=\"article:modified_time\" content=\"2025-12-19T10:00:40+00:00\" \/>\n<meta property=\"og:image\" content=\"https:\/\/www.mooreconnect.at\/wp-content\/uploads\/sites\/23\/2025\/12\/ki_2512_20250616_NR-Sitzung_Budgetdebatte-TOPF-0242_20162248.jpg\" \/>\n\t<meta property=\"og:image:width\" content=\"800\" \/>\n\t<meta property=\"og:image:height\" content=\"533\" \/>\n\t<meta property=\"og:image:type\" content=\"image\/jpeg\" \/>\n<meta name=\"author\" content=\"henrietta\" \/>\n<meta name=\"twitter:card\" content=\"summary_large_image\" \/>\n<meta name=\"twitter:label1\" content=\"Written by\" \/>\n\t<meta name=\"twitter:data1\" content=\"henrietta\" \/>\n\t<meta name=\"twitter:label2\" content=\"Est. reading time\" \/>\n\t<meta name=\"twitter:data2\" content=\"3 minutes\" \/>\n<script type=\"application\/ld+json\" class=\"yoast-schema-graph\">{\"@context\":\"https:\/\/schema.org\",\"@graph\":[{\"@type\":\"Article\",\"@id\":\"https:\/\/www.mooreconnect.at\/regierungsvorlage-zum-abgabenanderungsgesetz-2025\/#article\",\"isPartOf\":{\"@id\":\"https:\/\/www.mooreconnect.at\/regierungsvorlage-zum-abgabenanderungsgesetz-2025\/\"},\"author\":{\"name\":\"henrietta\",\"@id\":\"https:\/\/www.mooreconnect.at\/#\/schema\/person\/1dc358f4c2140547a90532733caae20c\"},\"headline\":\"Regierungsvorlage zum Abgaben\u00ad\u00e4nderungs\u00adgesetz 2025\",\"datePublished\":\"2025-12-19T10:00:39+00:00\",\"dateModified\":\"2025-12-19T10:00:40+00:00\",\"mainEntityOfPage\":{\"@id\":\"https:\/\/www.mooreconnect.at\/regierungsvorlage-zum-abgabenanderungsgesetz-2025\/\"},\"wordCount\":563,\"image\":{\"@id\":\"https:\/\/www.mooreconnect.at\/regierungsvorlage-zum-abgabenanderungsgesetz-2025\/#primaryimage\"},\"thumbnailUrl\":\"https:\/\/www.mooreconnect.at\/wp-content\/uploads\/sites\/23\/2025\/12\/ki_2512_20250616_NR-Sitzung_Budgetdebatte-TOPF-0242_20162248.jpg\",\"articleSection\":[\"Uncategorized\"],\"inLanguage\":\"en-GB\"},{\"@type\":\"WebPage\",\"@id\":\"https:\/\/www.mooreconnect.at\/regierungsvorlage-zum-abgabenanderungsgesetz-2025\/\",\"url\":\"https:\/\/www.mooreconnect.at\/regierungsvorlage-zum-abgabenanderungsgesetz-2025\/\",\"name\":\"Regierungsvorlage zum Abgaben\u00ad\u00e4nderungs\u00adgesetz 2025 - MOORE connect\",\"isPartOf\":{\"@id\":\"https:\/\/www.mooreconnect.at\/#website\"},\"primaryImageOfPage\":{\"@id\":\"https:\/\/www.mooreconnect.at\/regierungsvorlage-zum-abgabenanderungsgesetz-2025\/#primaryimage\"},\"image\":{\"@id\":\"https:\/\/www.mooreconnect.at\/regierungsvorlage-zum-abgabenanderungsgesetz-2025\/#primaryimage\"},\"thumbnailUrl\":\"https:\/\/www.mooreconnect.at\/wp-content\/uploads\/sites\/23\/2025\/12\/ki_2512_20250616_NR-Sitzung_Budgetdebatte-TOPF-0242_20162248.jpg\",\"datePublished\":\"2025-12-19T10:00:39+00:00\",\"dateModified\":\"2025-12-19T10:00:40+00:00\",\"author\":{\"@id\":\"https:\/\/www.mooreconnect.at\/#\/schema\/person\/1dc358f4c2140547a90532733caae20c\"},\"breadcrumb\":{\"@id\":\"https:\/\/www.mooreconnect.at\/regierungsvorlage-zum-abgabenanderungsgesetz-2025\/#breadcrumb\"},\"inLanguage\":\"en-GB\",\"potentialAction\":[{\"@type\":\"ReadAction\",\"target\":[\"https:\/\/www.mooreconnect.at\/regierungsvorlage-zum-abgabenanderungsgesetz-2025\/\"]}]},{\"@type\":\"ImageObject\",\"inLanguage\":\"en-GB\",\"@id\":\"https:\/\/www.mooreconnect.at\/regierungsvorlage-zum-abgabenanderungsgesetz-2025\/#primaryimage\",\"url\":\"https:\/\/www.mooreconnect.at\/wp-content\/uploads\/sites\/23\/2025\/12\/ki_2512_20250616_NR-Sitzung_Budgetdebatte-TOPF-0242_20162248.jpg\",\"contentUrl\":\"https:\/\/www.mooreconnect.at\/wp-content\/uploads\/sites\/23\/2025\/12\/ki_2512_20250616_NR-Sitzung_Budgetdebatte-TOPF-0242_20162248.jpg\",\"width\":800,\"height\":533},{\"@type\":\"BreadcrumbList\",\"@id\":\"https:\/\/www.mooreconnect.at\/regierungsvorlage-zum-abgabenanderungsgesetz-2025\/#breadcrumb\",\"itemListElement\":[{\"@type\":\"ListItem\",\"position\":1,\"name\":\"Home\",\"item\":\"https:\/\/www.mooreconnect.at\/\"},{\"@type\":\"ListItem\",\"position\":2,\"name\":\"Regierungsvorlage zum Abgaben\u00ad\u00e4nderungs\u00adgesetz 2025\"}]},{\"@type\":\"WebSite\",\"@id\":\"https:\/\/www.mooreconnect.at\/#website\",\"url\":\"https:\/\/www.mooreconnect.at\/\",\"name\":\"MOORE connect\",\"description\":\"Wir verbinden Menschen \u2013 Ideen \u2013 Werte. Wir begleiten Sie in Ihrer nachhaltigen unternehmerischen Entwicklung. Grundlage daf\u00fcr sind gelingende Beziehungen.\",\"potentialAction\":[{\"@type\":\"SearchAction\",\"target\":{\"@type\":\"EntryPoint\",\"urlTemplate\":\"https:\/\/www.mooreconnect.at\/?s={search_term_string}\"},\"query-input\":{\"@type\":\"PropertyValueSpecification\",\"valueRequired\":true,\"valueName\":\"search_term_string\"}}],\"inLanguage\":\"en-GB\"},{\"@type\":\"Person\",\"@id\":\"https:\/\/www.mooreconnect.at\/#\/schema\/person\/1dc358f4c2140547a90532733caae20c\",\"name\":\"henrietta\",\"image\":{\"@type\":\"ImageObject\",\"inLanguage\":\"en-GB\",\"@id\":\"https:\/\/secure.gravatar.com\/avatar\/f25511a91dc171b0875ed98f5403fe8fe266bf297a3215a2fabcaa5a5390884f?s=96&d=mm&r=g\",\"url\":\"https:\/\/secure.gravatar.com\/avatar\/f25511a91dc171b0875ed98f5403fe8fe266bf297a3215a2fabcaa5a5390884f?s=96&d=mm&r=g\",\"contentUrl\":\"https:\/\/secure.gravatar.com\/avatar\/f25511a91dc171b0875ed98f5403fe8fe266bf297a3215a2fabcaa5a5390884f?s=96&d=mm&r=g\",\"caption\":\"henrietta\"},\"url\":\"https:\/\/www.mooreconnect.at\/en\/author\/henrietta\/\"}]}<\/script>\n<!-- \/ Yoast SEO plugin. -->","yoast_head_json":{"title":"Regierungsvorlage zum Abgaben\u00ad\u00e4nderungs\u00adgesetz 2025 - MOORE connect","robots":{"index":"index","follow":"follow","max-snippet":"max-snippet:-1","max-image-preview":"max-image-preview:large","max-video-preview":"max-video-preview:-1"},"canonical":"https:\/\/www.mooreconnect.at\/en\/regierungsvorlage-zum-abgabenanderungsgesetz-2025\/","og_locale":"en_GB","og_type":"article","og_title":"Regierungsvorlage zum Abgaben\u00ad\u00e4nderungs\u00adgesetz 2025 - MOORE connect","og_description":"Mitte November ist die Regierungsvorlage zum Abgaben\u00e4nderungsgesetz 2025 (Abg\u00c4G 2025) im Nationalrat eingebracht worden. Ausgew\u00e4hlte wichtige Aspekte sind nachfolgend im \u00dcberblick dargestellt. Die finale Gesetzwerdung bleibt abzuwarten. Abgeltung der kalten Progression um 1,7333&nbsp;% Im Kampf gegen die kalte Progression werden wesentliche Tarifelemente in der Einkommensteuer wie auch Absetzbetr\u00e4ge automatisch um 2\/3 der Inflationsrate angepasst (f\u00fcr [&hellip;]","og_url":"https:\/\/www.mooreconnect.at\/en\/regierungsvorlage-zum-abgabenanderungsgesetz-2025\/","og_site_name":"MOORE connect","article_published_time":"2025-12-19T10:00:39+00:00","article_modified_time":"2025-12-19T10:00:40+00:00","og_image":[{"width":800,"height":533,"url":"https:\/\/www.mooreconnect.at\/wp-content\/uploads\/sites\/23\/2025\/12\/ki_2512_20250616_NR-Sitzung_Budgetdebatte-TOPF-0242_20162248.jpg","type":"image\/jpeg"}],"author":"henrietta","twitter_card":"summary_large_image","twitter_misc":{"Written by":"henrietta","Est. reading time":"3 minutes"},"schema":{"@context":"https:\/\/schema.org","@graph":[{"@type":"Article","@id":"https:\/\/www.mooreconnect.at\/regierungsvorlage-zum-abgabenanderungsgesetz-2025\/#article","isPartOf":{"@id":"https:\/\/www.mooreconnect.at\/regierungsvorlage-zum-abgabenanderungsgesetz-2025\/"},"author":{"name":"henrietta","@id":"https:\/\/www.mooreconnect.at\/#\/schema\/person\/1dc358f4c2140547a90532733caae20c"},"headline":"Regierungsvorlage zum Abgaben\u00ad\u00e4nderungs\u00adgesetz 2025","datePublished":"2025-12-19T10:00:39+00:00","dateModified":"2025-12-19T10:00:40+00:00","mainEntityOfPage":{"@id":"https:\/\/www.mooreconnect.at\/regierungsvorlage-zum-abgabenanderungsgesetz-2025\/"},"wordCount":563,"image":{"@id":"https:\/\/www.mooreconnect.at\/regierungsvorlage-zum-abgabenanderungsgesetz-2025\/#primaryimage"},"thumbnailUrl":"https:\/\/www.mooreconnect.at\/wp-content\/uploads\/sites\/23\/2025\/12\/ki_2512_20250616_NR-Sitzung_Budgetdebatte-TOPF-0242_20162248.jpg","articleSection":["Uncategorized"],"inLanguage":"en-GB"},{"@type":"WebPage","@id":"https:\/\/www.mooreconnect.at\/regierungsvorlage-zum-abgabenanderungsgesetz-2025\/","url":"https:\/\/www.mooreconnect.at\/regierungsvorlage-zum-abgabenanderungsgesetz-2025\/","name":"Regierungsvorlage zum Abgaben\u00ad\u00e4nderungs\u00adgesetz 2025 - MOORE connect","isPartOf":{"@id":"https:\/\/www.mooreconnect.at\/#website"},"primaryImageOfPage":{"@id":"https:\/\/www.mooreconnect.at\/regierungsvorlage-zum-abgabenanderungsgesetz-2025\/#primaryimage"},"image":{"@id":"https:\/\/www.mooreconnect.at\/regierungsvorlage-zum-abgabenanderungsgesetz-2025\/#primaryimage"},"thumbnailUrl":"https:\/\/www.mooreconnect.at\/wp-content\/uploads\/sites\/23\/2025\/12\/ki_2512_20250616_NR-Sitzung_Budgetdebatte-TOPF-0242_20162248.jpg","datePublished":"2025-12-19T10:00:39+00:00","dateModified":"2025-12-19T10:00:40+00:00","author":{"@id":"https:\/\/www.mooreconnect.at\/#\/schema\/person\/1dc358f4c2140547a90532733caae20c"},"breadcrumb":{"@id":"https:\/\/www.mooreconnect.at\/regierungsvorlage-zum-abgabenanderungsgesetz-2025\/#breadcrumb"},"inLanguage":"en-GB","potentialAction":[{"@type":"ReadAction","target":["https:\/\/www.mooreconnect.at\/regierungsvorlage-zum-abgabenanderungsgesetz-2025\/"]}]},{"@type":"ImageObject","inLanguage":"en-GB","@id":"https:\/\/www.mooreconnect.at\/regierungsvorlage-zum-abgabenanderungsgesetz-2025\/#primaryimage","url":"https:\/\/www.mooreconnect.at\/wp-content\/uploads\/sites\/23\/2025\/12\/ki_2512_20250616_NR-Sitzung_Budgetdebatte-TOPF-0242_20162248.jpg","contentUrl":"https:\/\/www.mooreconnect.at\/wp-content\/uploads\/sites\/23\/2025\/12\/ki_2512_20250616_NR-Sitzung_Budgetdebatte-TOPF-0242_20162248.jpg","width":800,"height":533},{"@type":"BreadcrumbList","@id":"https:\/\/www.mooreconnect.at\/regierungsvorlage-zum-abgabenanderungsgesetz-2025\/#breadcrumb","itemListElement":[{"@type":"ListItem","position":1,"name":"Home","item":"https:\/\/www.mooreconnect.at\/"},{"@type":"ListItem","position":2,"name":"Regierungsvorlage zum Abgaben\u00ad\u00e4nderungs\u00adgesetz 2025"}]},{"@type":"WebSite","@id":"https:\/\/www.mooreconnect.at\/#website","url":"https:\/\/www.mooreconnect.at\/","name":"MOORE connect","description":"Wir verbinden Menschen \u2013 Ideen \u2013 Werte. Wir begleiten Sie in Ihrer nachhaltigen unternehmerischen Entwicklung. Grundlage daf\u00fcr sind gelingende Beziehungen.","potentialAction":[{"@type":"SearchAction","target":{"@type":"EntryPoint","urlTemplate":"https:\/\/www.mooreconnect.at\/?s={search_term_string}"},"query-input":{"@type":"PropertyValueSpecification","valueRequired":true,"valueName":"search_term_string"}}],"inLanguage":"en-GB"},{"@type":"Person","@id":"https:\/\/www.mooreconnect.at\/#\/schema\/person\/1dc358f4c2140547a90532733caae20c","name":"henrietta","image":{"@type":"ImageObject","inLanguage":"en-GB","@id":"https:\/\/secure.gravatar.com\/avatar\/f25511a91dc171b0875ed98f5403fe8fe266bf297a3215a2fabcaa5a5390884f?s=96&d=mm&r=g","url":"https:\/\/secure.gravatar.com\/avatar\/f25511a91dc171b0875ed98f5403fe8fe266bf297a3215a2fabcaa5a5390884f?s=96&d=mm&r=g","contentUrl":"https:\/\/secure.gravatar.com\/avatar\/f25511a91dc171b0875ed98f5403fe8fe266bf297a3215a2fabcaa5a5390884f?s=96&d=mm&r=g","caption":"henrietta"},"url":"https:\/\/www.mooreconnect.at\/en\/author\/henrietta\/"}]}},"_links":{"self":[{"href":"https:\/\/www.mooreconnect.at\/en\/wp-json\/wp\/v2\/posts\/708","targetHints":{"allow":["GET"]}}],"collection":[{"href":"https:\/\/www.mooreconnect.at\/en\/wp-json\/wp\/v2\/posts"}],"about":[{"href":"https:\/\/www.mooreconnect.at\/en\/wp-json\/wp\/v2\/types\/post"}],"author":[{"embeddable":true,"href":"https:\/\/www.mooreconnect.at\/en\/wp-json\/wp\/v2\/users\/37"}],"replies":[{"embeddable":true,"href":"https:\/\/www.mooreconnect.at\/en\/wp-json\/wp\/v2\/comments?post=708"}],"version-history":[{"count":0,"href":"https:\/\/www.mooreconnect.at\/en\/wp-json\/wp\/v2\/posts\/708\/revisions"}],"wp:featuredmedia":[{"embeddable":true,"href":"https:\/\/www.mooreconnect.at\/en\/wp-json\/wp\/v2\/media\/697"}],"wp:attachment":[{"href":"https:\/\/www.mooreconnect.at\/en\/wp-json\/wp\/v2\/media?parent=708"}],"wp:term":[{"taxonomy":"category","embeddable":true,"href":"https:\/\/www.mooreconnect.at\/en\/wp-json\/wp\/v2\/categories?post=708"},{"taxonomy":"post_tag","embeddable":true,"href":"https:\/\/www.mooreconnect.at\/en\/wp-json\/wp\/v2\/tags?post=708"},{"taxonomy":"location","embeddable":true,"href":"https:\/\/www.mooreconnect.at\/en\/wp-json\/wp\/v2\/location?post=708"}],"curies":[{"name":"wp","href":"https:\/\/api.w.org\/{rel}","templated":true}]}}