{"id":706,"date":"2025-12-19T09:58:08","date_gmt":"2025-12-19T09:58:08","guid":{"rendered":"https:\/\/www.mooreconnect.at\/?p=706"},"modified":"2025-12-19T09:58:09","modified_gmt":"2025-12-19T09:58:09","slug":"masnahmen-vor-jahresende-2025-fur-arbeitnehmer","status":"publish","type":"post","link":"https:\/\/www.mooreconnect.at\/en\/masnahmen-vor-jahresende-2025-fur-arbeitnehmer\/","title":{"rendered":"Ma\u00dfnahmen vor Jahresende 2025 &#8211; F\u00fcr Arbeitnehmer"},"content":{"rendered":"<p><strong>Werbungskosten noch vor Jahresende bezahlen<\/strong><\/p>\n\n\n\n<p>Ausgaben, die in unmittelbarem Zusammenhang mit der nichtselbst\u00e4ndigen T\u00e4tigkeit stehen, m\u00fcssen noch vor dem 31.12.25 entrichtet werden, damit sie 2025 von der Steuer abgesetzt werden k\u00f6nnen. Oftmals handelt es sich dabei um berufsbedingte Aus-, Fortbildungs- und Umschulungskosten. Werbungskosten sind entsprechend nachzuweisen (Rechnungen, Quittungen, Fahrtenbuch) und nur zu ber\u00fccksichtigen, sofern sie insgesamt 132&nbsp;\u20ac (Werbungskostenpauschale) \u00fcbersteigen. \u00dcberdies k\u00f6nnen die Kosten f\u00fcr die Anschaffung ergonomisch geeigneten Mobiliars f\u00fcrs Home-Office (z.B. Schreibtisch, Drehstuhl, Beleuchtung) von bis zu 300&nbsp;\u20ac als zus\u00e4tzliche Werbungskosten geltend gemacht werden. Auch ohne Nachweis der Kosten k\u00f6nnen pauschal 3&nbsp;\u20ac pro Home-Office-Tag (f\u00fcr maximal 100 Tage) als Werbungskosten abgesetzt werden.<\/p>\n\n\n\n<p><strong>Arbeitnehmerveranlagung 2020 bzw. Antrag auf R\u00fcckzahlung von zu Unrecht einbehaltener Lohnsteuer<\/strong><\/p>\n\n\n\n<p>Neben der Pflichtveranlagung (z.B. nicht-lohnsteuerpflichtige Eink\u00fcnfte von mehr als 730&nbsp;\u20ac p.a.) gibt es auch die Antragsveranlagung, aus der ein Steuerguthaben zu erwarten ist. Dieser Antrag ist innerhalb von 5 Jahren zu stellen. F\u00fcr das Jahr 2020 l\u00e4uft die Frist am 31.12.2025 ab. Dabei k\u00f6nnen Werbungskosten, Sonderausgaben, au\u00dfergew\u00f6hnliche Belastungen etc. geltend gemacht werden, die im Rahmen des Freibetragsbescheids noch nicht ber\u00fccksichtigt wurden. Weitere gute Gr\u00fcnde f\u00fcr eine Arbeitnehmerveranlagung sind z.B. zu Unrecht einbehaltene Lohnsteuer, der Anspruch auf Negativsteuer bei geringen Bez\u00fcgen, die Nichtber\u00fccksichtigung des Pendlerpauschales oder der unterj\u00e4hrige Wechsel des Arbeitgebers bzw. nichtganzj\u00e4hrige Besch\u00e4ftigung.<\/p>\n\n\n\n<p><br>Bild: \u00a9 Adobe Stock &#8211; Isometrixus Die ver\u00f6ffentlichten Beitr\u00e4ge sind urheberrechtlich gesch\u00fctzt und ohne Gew\u00e4hr.<br>\u00a9 MOORE connect Steuerberatung Wirtschaftsmediation GmbH | Klienten-Info<\/p>","protected":false},"excerpt":{"rendered":"<p>Werbungskosten noch vor Jahresende bezahlen Ausgaben, die in unmittelbarem Zusammenhang mit der nichtselbst\u00e4ndigen T\u00e4tigkeit stehen, m\u00fcssen noch vor dem 31.12.25 entrichtet werden, damit sie 2025 von der Steuer abgesetzt werden k\u00f6nnen. Oftmals handelt es sich dabei um berufsbedingte Aus-, Fortbildungs- und Umschulungskosten. Werbungskosten sind entsprechend nachzuweisen (Rechnungen, Quittungen, Fahrtenbuch) und nur zu ber\u00fccksichtigen, sofern sie [&hellip;]<\/p>\n","protected":false},"author":37,"featured_media":695,"comment_status":"closed","ping_status":"open","sticky":false,"template":"","format":"standard","meta":{"_acf_changed":false,"footnotes":""},"categories":[1],"tags":[],"location":[],"class_list":["post-706","post","type-post","status-publish","format-standard","has-post-thumbnail","hentry","category-uncategorized"],"acf":[],"yoast_head":"<!-- This site is optimized with the Yoast SEO plugin v27.2 - https:\/\/yoast.com\/product\/yoast-seo-wordpress\/ -->\n<title>Ma\u00dfnahmen vor Jahresende 2025 - F\u00fcr Arbeitnehmer - MOORE connect<\/title>\n<meta name=\"robots\" content=\"index, follow, max-snippet:-1, max-image-preview:large, max-video-preview:-1\" \/>\n<link rel=\"canonical\" href=\"https:\/\/www.mooreconnect.at\/en\/masnahmen-vor-jahresende-2025-fur-arbeitnehmer\/\" \/>\n<meta property=\"og:locale\" content=\"en_GB\" \/>\n<meta property=\"og:type\" content=\"article\" \/>\n<meta property=\"og:title\" content=\"Ma\u00dfnahmen vor Jahresende 2025 - F\u00fcr Arbeitnehmer - MOORE connect\" \/>\n<meta property=\"og:description\" content=\"Werbungskosten noch vor Jahresende bezahlen Ausgaben, die in unmittelbarem Zusammenhang mit der nichtselbst\u00e4ndigen T\u00e4tigkeit stehen, m\u00fcssen noch vor dem 31.12.25 entrichtet werden, damit sie 2025 von der Steuer abgesetzt werden k\u00f6nnen. Oftmals handelt es sich dabei um berufsbedingte Aus-, Fortbildungs- und Umschulungskosten. Werbungskosten sind entsprechend nachzuweisen (Rechnungen, Quittungen, Fahrtenbuch) und nur zu ber\u00fccksichtigen, sofern sie [&hellip;]\" \/>\n<meta property=\"og:url\" content=\"https:\/\/www.mooreconnect.at\/en\/masnahmen-vor-jahresende-2025-fur-arbeitnehmer\/\" \/>\n<meta property=\"og:site_name\" content=\"MOORE connect\" \/>\n<meta property=\"article:published_time\" content=\"2025-12-19T09:58:08+00:00\" \/>\n<meta property=\"article:modified_time\" content=\"2025-12-19T09:58:09+00:00\" \/>\n<meta property=\"og:image\" content=\"https:\/\/www.mooreconnect.at\/wp-content\/uploads\/sites\/23\/2025\/12\/ki_2511_589478330_Arbeitnehmer.jpg\" \/>\n\t<meta property=\"og:image:width\" content=\"800\" \/>\n\t<meta property=\"og:image:height\" content=\"533\" \/>\n\t<meta property=\"og:image:type\" content=\"image\/jpeg\" \/>\n<meta name=\"author\" content=\"henrietta\" \/>\n<meta name=\"twitter:card\" content=\"summary_large_image\" \/>\n<meta name=\"twitter:label1\" content=\"Written by\" \/>\n\t<meta name=\"twitter:data1\" content=\"henrietta\" \/>\n\t<meta name=\"twitter:label2\" content=\"Est. reading time\" \/>\n\t<meta name=\"twitter:data2\" content=\"2 minutes\" \/>\n<script type=\"application\/ld+json\" class=\"yoast-schema-graph\">{\"@context\":\"https:\/\/schema.org\",\"@graph\":[{\"@type\":\"Article\",\"@id\":\"https:\/\/www.mooreconnect.at\/masnahmen-vor-jahresende-2025-fur-arbeitnehmer\/#article\",\"isPartOf\":{\"@id\":\"https:\/\/www.mooreconnect.at\/masnahmen-vor-jahresende-2025-fur-arbeitnehmer\/\"},\"author\":{\"name\":\"henrietta\",\"@id\":\"https:\/\/www.mooreconnect.at\/#\/schema\/person\/1dc358f4c2140547a90532733caae20c\"},\"headline\":\"Ma\u00dfnahmen vor Jahresende 2025 &#8211; F\u00fcr Arbeitnehmer\",\"datePublished\":\"2025-12-19T09:58:08+00:00\",\"dateModified\":\"2025-12-19T09:58:09+00:00\",\"mainEntityOfPage\":{\"@id\":\"https:\/\/www.mooreconnect.at\/masnahmen-vor-jahresende-2025-fur-arbeitnehmer\/\"},\"wordCount\":262,\"image\":{\"@id\":\"https:\/\/www.mooreconnect.at\/masnahmen-vor-jahresende-2025-fur-arbeitnehmer\/#primaryimage\"},\"thumbnailUrl\":\"https:\/\/www.mooreconnect.at\/wp-content\/uploads\/sites\/23\/2025\/12\/ki_2511_589478330_Arbeitnehmer.jpg\",\"articleSection\":[\"Uncategorized\"],\"inLanguage\":\"en-GB\"},{\"@type\":\"WebPage\",\"@id\":\"https:\/\/www.mooreconnect.at\/masnahmen-vor-jahresende-2025-fur-arbeitnehmer\/\",\"url\":\"https:\/\/www.mooreconnect.at\/masnahmen-vor-jahresende-2025-fur-arbeitnehmer\/\",\"name\":\"Ma\u00dfnahmen vor Jahresende 2025 - F\u00fcr Arbeitnehmer - MOORE connect\",\"isPartOf\":{\"@id\":\"https:\/\/www.mooreconnect.at\/#website\"},\"primaryImageOfPage\":{\"@id\":\"https:\/\/www.mooreconnect.at\/masnahmen-vor-jahresende-2025-fur-arbeitnehmer\/#primaryimage\"},\"image\":{\"@id\":\"https:\/\/www.mooreconnect.at\/masnahmen-vor-jahresende-2025-fur-arbeitnehmer\/#primaryimage\"},\"thumbnailUrl\":\"https:\/\/www.mooreconnect.at\/wp-content\/uploads\/sites\/23\/2025\/12\/ki_2511_589478330_Arbeitnehmer.jpg\",\"datePublished\":\"2025-12-19T09:58:08+00:00\",\"dateModified\":\"2025-12-19T09:58:09+00:00\",\"author\":{\"@id\":\"https:\/\/www.mooreconnect.at\/#\/schema\/person\/1dc358f4c2140547a90532733caae20c\"},\"breadcrumb\":{\"@id\":\"https:\/\/www.mooreconnect.at\/masnahmen-vor-jahresende-2025-fur-arbeitnehmer\/#breadcrumb\"},\"inLanguage\":\"en-GB\",\"potentialAction\":[{\"@type\":\"ReadAction\",\"target\":[\"https:\/\/www.mooreconnect.at\/masnahmen-vor-jahresende-2025-fur-arbeitnehmer\/\"]}]},{\"@type\":\"ImageObject\",\"inLanguage\":\"en-GB\",\"@id\":\"https:\/\/www.mooreconnect.at\/masnahmen-vor-jahresende-2025-fur-arbeitnehmer\/#primaryimage\",\"url\":\"https:\/\/www.mooreconnect.at\/wp-content\/uploads\/sites\/23\/2025\/12\/ki_2511_589478330_Arbeitnehmer.jpg\",\"contentUrl\":\"https:\/\/www.mooreconnect.at\/wp-content\/uploads\/sites\/23\/2025\/12\/ki_2511_589478330_Arbeitnehmer.jpg\",\"width\":800,\"height\":533},{\"@type\":\"BreadcrumbList\",\"@id\":\"https:\/\/www.mooreconnect.at\/masnahmen-vor-jahresende-2025-fur-arbeitnehmer\/#breadcrumb\",\"itemListElement\":[{\"@type\":\"ListItem\",\"position\":1,\"name\":\"Home\",\"item\":\"https:\/\/www.mooreconnect.at\/\"},{\"@type\":\"ListItem\",\"position\":2,\"name\":\"Ma\u00dfnahmen vor Jahresende 2025 &#8211; F\u00fcr Arbeitnehmer\"}]},{\"@type\":\"WebSite\",\"@id\":\"https:\/\/www.mooreconnect.at\/#website\",\"url\":\"https:\/\/www.mooreconnect.at\/\",\"name\":\"MOORE connect\",\"description\":\"Wir verbinden Menschen \u2013 Ideen \u2013 Werte. Wir begleiten Sie in Ihrer nachhaltigen unternehmerischen Entwicklung. Grundlage daf\u00fcr sind gelingende Beziehungen.\",\"potentialAction\":[{\"@type\":\"SearchAction\",\"target\":{\"@type\":\"EntryPoint\",\"urlTemplate\":\"https:\/\/www.mooreconnect.at\/?s={search_term_string}\"},\"query-input\":{\"@type\":\"PropertyValueSpecification\",\"valueRequired\":true,\"valueName\":\"search_term_string\"}}],\"inLanguage\":\"en-GB\"},{\"@type\":\"Person\",\"@id\":\"https:\/\/www.mooreconnect.at\/#\/schema\/person\/1dc358f4c2140547a90532733caae20c\",\"name\":\"henrietta\",\"image\":{\"@type\":\"ImageObject\",\"inLanguage\":\"en-GB\",\"@id\":\"https:\/\/secure.gravatar.com\/avatar\/f25511a91dc171b0875ed98f5403fe8fe266bf297a3215a2fabcaa5a5390884f?s=96&d=mm&r=g\",\"url\":\"https:\/\/secure.gravatar.com\/avatar\/f25511a91dc171b0875ed98f5403fe8fe266bf297a3215a2fabcaa5a5390884f?s=96&d=mm&r=g\",\"contentUrl\":\"https:\/\/secure.gravatar.com\/avatar\/f25511a91dc171b0875ed98f5403fe8fe266bf297a3215a2fabcaa5a5390884f?s=96&d=mm&r=g\",\"caption\":\"henrietta\"},\"url\":\"https:\/\/www.mooreconnect.at\/en\/author\/henrietta\/\"}]}<\/script>\n<!-- \/ Yoast SEO plugin. -->","yoast_head_json":{"title":"Ma\u00dfnahmen vor Jahresende 2025 - F\u00fcr Arbeitnehmer - MOORE connect","robots":{"index":"index","follow":"follow","max-snippet":"max-snippet:-1","max-image-preview":"max-image-preview:large","max-video-preview":"max-video-preview:-1"},"canonical":"https:\/\/www.mooreconnect.at\/en\/masnahmen-vor-jahresende-2025-fur-arbeitnehmer\/","og_locale":"en_GB","og_type":"article","og_title":"Ma\u00dfnahmen vor Jahresende 2025 - F\u00fcr Arbeitnehmer - MOORE connect","og_description":"Werbungskosten noch vor Jahresende bezahlen Ausgaben, die in unmittelbarem Zusammenhang mit der nichtselbst\u00e4ndigen T\u00e4tigkeit stehen, m\u00fcssen noch vor dem 31.12.25 entrichtet werden, damit sie 2025 von der Steuer abgesetzt werden k\u00f6nnen. Oftmals handelt es sich dabei um berufsbedingte Aus-, Fortbildungs- und Umschulungskosten. Werbungskosten sind entsprechend nachzuweisen (Rechnungen, Quittungen, Fahrtenbuch) und nur zu ber\u00fccksichtigen, sofern sie [&hellip;]","og_url":"https:\/\/www.mooreconnect.at\/en\/masnahmen-vor-jahresende-2025-fur-arbeitnehmer\/","og_site_name":"MOORE connect","article_published_time":"2025-12-19T09:58:08+00:00","article_modified_time":"2025-12-19T09:58:09+00:00","og_image":[{"width":800,"height":533,"url":"https:\/\/www.mooreconnect.at\/wp-content\/uploads\/sites\/23\/2025\/12\/ki_2511_589478330_Arbeitnehmer.jpg","type":"image\/jpeg"}],"author":"henrietta","twitter_card":"summary_large_image","twitter_misc":{"Written by":"henrietta","Est. reading time":"2 minutes"},"schema":{"@context":"https:\/\/schema.org","@graph":[{"@type":"Article","@id":"https:\/\/www.mooreconnect.at\/masnahmen-vor-jahresende-2025-fur-arbeitnehmer\/#article","isPartOf":{"@id":"https:\/\/www.mooreconnect.at\/masnahmen-vor-jahresende-2025-fur-arbeitnehmer\/"},"author":{"name":"henrietta","@id":"https:\/\/www.mooreconnect.at\/#\/schema\/person\/1dc358f4c2140547a90532733caae20c"},"headline":"Ma\u00dfnahmen vor Jahresende 2025 &#8211; F\u00fcr Arbeitnehmer","datePublished":"2025-12-19T09:58:08+00:00","dateModified":"2025-12-19T09:58:09+00:00","mainEntityOfPage":{"@id":"https:\/\/www.mooreconnect.at\/masnahmen-vor-jahresende-2025-fur-arbeitnehmer\/"},"wordCount":262,"image":{"@id":"https:\/\/www.mooreconnect.at\/masnahmen-vor-jahresende-2025-fur-arbeitnehmer\/#primaryimage"},"thumbnailUrl":"https:\/\/www.mooreconnect.at\/wp-content\/uploads\/sites\/23\/2025\/12\/ki_2511_589478330_Arbeitnehmer.jpg","articleSection":["Uncategorized"],"inLanguage":"en-GB"},{"@type":"WebPage","@id":"https:\/\/www.mooreconnect.at\/masnahmen-vor-jahresende-2025-fur-arbeitnehmer\/","url":"https:\/\/www.mooreconnect.at\/masnahmen-vor-jahresende-2025-fur-arbeitnehmer\/","name":"Ma\u00dfnahmen vor Jahresende 2025 - F\u00fcr Arbeitnehmer - MOORE connect","isPartOf":{"@id":"https:\/\/www.mooreconnect.at\/#website"},"primaryImageOfPage":{"@id":"https:\/\/www.mooreconnect.at\/masnahmen-vor-jahresende-2025-fur-arbeitnehmer\/#primaryimage"},"image":{"@id":"https:\/\/www.mooreconnect.at\/masnahmen-vor-jahresende-2025-fur-arbeitnehmer\/#primaryimage"},"thumbnailUrl":"https:\/\/www.mooreconnect.at\/wp-content\/uploads\/sites\/23\/2025\/12\/ki_2511_589478330_Arbeitnehmer.jpg","datePublished":"2025-12-19T09:58:08+00:00","dateModified":"2025-12-19T09:58:09+00:00","author":{"@id":"https:\/\/www.mooreconnect.at\/#\/schema\/person\/1dc358f4c2140547a90532733caae20c"},"breadcrumb":{"@id":"https:\/\/www.mooreconnect.at\/masnahmen-vor-jahresende-2025-fur-arbeitnehmer\/#breadcrumb"},"inLanguage":"en-GB","potentialAction":[{"@type":"ReadAction","target":["https:\/\/www.mooreconnect.at\/masnahmen-vor-jahresende-2025-fur-arbeitnehmer\/"]}]},{"@type":"ImageObject","inLanguage":"en-GB","@id":"https:\/\/www.mooreconnect.at\/masnahmen-vor-jahresende-2025-fur-arbeitnehmer\/#primaryimage","url":"https:\/\/www.mooreconnect.at\/wp-content\/uploads\/sites\/23\/2025\/12\/ki_2511_589478330_Arbeitnehmer.jpg","contentUrl":"https:\/\/www.mooreconnect.at\/wp-content\/uploads\/sites\/23\/2025\/12\/ki_2511_589478330_Arbeitnehmer.jpg","width":800,"height":533},{"@type":"BreadcrumbList","@id":"https:\/\/www.mooreconnect.at\/masnahmen-vor-jahresende-2025-fur-arbeitnehmer\/#breadcrumb","itemListElement":[{"@type":"ListItem","position":1,"name":"Home","item":"https:\/\/www.mooreconnect.at\/"},{"@type":"ListItem","position":2,"name":"Ma\u00dfnahmen vor Jahresende 2025 &#8211; F\u00fcr Arbeitnehmer"}]},{"@type":"WebSite","@id":"https:\/\/www.mooreconnect.at\/#website","url":"https:\/\/www.mooreconnect.at\/","name":"MOORE connect","description":"Wir verbinden Menschen \u2013 Ideen \u2013 Werte. Wir begleiten Sie in Ihrer nachhaltigen unternehmerischen Entwicklung. Grundlage daf\u00fcr sind gelingende Beziehungen.","potentialAction":[{"@type":"SearchAction","target":{"@type":"EntryPoint","urlTemplate":"https:\/\/www.mooreconnect.at\/?s={search_term_string}"},"query-input":{"@type":"PropertyValueSpecification","valueRequired":true,"valueName":"search_term_string"}}],"inLanguage":"en-GB"},{"@type":"Person","@id":"https:\/\/www.mooreconnect.at\/#\/schema\/person\/1dc358f4c2140547a90532733caae20c","name":"henrietta","image":{"@type":"ImageObject","inLanguage":"en-GB","@id":"https:\/\/secure.gravatar.com\/avatar\/f25511a91dc171b0875ed98f5403fe8fe266bf297a3215a2fabcaa5a5390884f?s=96&d=mm&r=g","url":"https:\/\/secure.gravatar.com\/avatar\/f25511a91dc171b0875ed98f5403fe8fe266bf297a3215a2fabcaa5a5390884f?s=96&d=mm&r=g","contentUrl":"https:\/\/secure.gravatar.com\/avatar\/f25511a91dc171b0875ed98f5403fe8fe266bf297a3215a2fabcaa5a5390884f?s=96&d=mm&r=g","caption":"henrietta"},"url":"https:\/\/www.mooreconnect.at\/en\/author\/henrietta\/"}]}},"_links":{"self":[{"href":"https:\/\/www.mooreconnect.at\/en\/wp-json\/wp\/v2\/posts\/706","targetHints":{"allow":["GET"]}}],"collection":[{"href":"https:\/\/www.mooreconnect.at\/en\/wp-json\/wp\/v2\/posts"}],"about":[{"href":"https:\/\/www.mooreconnect.at\/en\/wp-json\/wp\/v2\/types\/post"}],"author":[{"embeddable":true,"href":"https:\/\/www.mooreconnect.at\/en\/wp-json\/wp\/v2\/users\/37"}],"replies":[{"embeddable":true,"href":"https:\/\/www.mooreconnect.at\/en\/wp-json\/wp\/v2\/comments?post=706"}],"version-history":[{"count":0,"href":"https:\/\/www.mooreconnect.at\/en\/wp-json\/wp\/v2\/posts\/706\/revisions"}],"wp:featuredmedia":[{"embeddable":true,"href":"https:\/\/www.mooreconnect.at\/en\/wp-json\/wp\/v2\/media\/695"}],"wp:attachment":[{"href":"https:\/\/www.mooreconnect.at\/en\/wp-json\/wp\/v2\/media?parent=706"}],"wp:term":[{"taxonomy":"category","embeddable":true,"href":"https:\/\/www.mooreconnect.at\/en\/wp-json\/wp\/v2\/categories?post=706"},{"taxonomy":"post_tag","embeddable":true,"href":"https:\/\/www.mooreconnect.at\/en\/wp-json\/wp\/v2\/tags?post=706"},{"taxonomy":"location","embeddable":true,"href":"https:\/\/www.mooreconnect.at\/en\/wp-json\/wp\/v2\/location?post=706"}],"curies":[{"name":"wp","href":"https:\/\/api.w.org\/{rel}","templated":true}]}}